
{"id":3789,"date":"2020-11-10T12:52:30","date_gmt":"2020-11-10T11:52:30","guid":{"rendered":"http:\/\/zvsweb02.kunst.tuwien.ac.at\/?p=3789"},"modified":"2021-11-22T12:59:30","modified_gmt":"2021-11-22T11:59:30","slug":"3-stadtsalon-bildung-was-wirkt","status":"publish","type":"post","link":"https:\/\/zvsweb02.kunst.tuwien.ac.at\/?p=3789","title":{"rendered":"3. STADTSALON BILDUNG: Was wirkt?"},"content":{"rendered":"\n<p>Zum dritten Mal l\u00e4dt der Arbeitsraum Bildung der TU Wien zum Stadtsalon Bildung. P\u00e4dagogik und Architektur zusammendenkend, widmet sich die Veranstaltung der Frage: Was wirkt?<br> <br><strong>ONLINE VORTRAGSREIHE + ANALOGE ABSCHLUSSVERANSTALTUNG<br>3. STADTSALON BILDUNG: Was wirkt?<\/strong><br> <br><strong>ANMELDUNG: <a href=\"mailto:info@bildungslandschaften.at\">info@bildungslandschaften.at<\/a><\/strong><br> <br><strong>MO, 19.10.2020, 17:15\u201318:45, ONLINE<\/strong><br><strong>METHODIK DER WIRKUNGSFORSCHUNG<\/strong> <br>Marlies Rohmer, Michael Bruneforth<br> <br><strong>MO, 16.11.2020, 17:15\u201318:45, ONLINE<\/strong><br><strong>KREATIVE RAUMANEIGNUNG | Gestalterische Interventionen im Bestand<\/strong><br>Karin Harather, Christine Egeler, Leopold Kneidinger, Marion Starzacher<br> <br><strong>MO, 18.01.2021, 17:15\u201318:45, ONLINE<\/strong><br><strong>LEBENSRAUM SCHULE | Nutzer*innenzentrierte Planung bei Bestandschulen <\/strong><br>D\u00f6rte Kuhlmann, Sandra K\u00f6ster, Christine Egeler, Katharina Musialek, Katharina Tielsch, Claudia Maria Walther, Leonard Puderbach, Theresia Leuenberger (angefragt)<br> <br><strong>MO, 15.03.2021, 17:15\u201318:45, ONLINE<\/strong><br><strong>ZWISCHEN SCHULE UND STADT | Sozialr\u00e4umliche und architektonische Perspektiven auf \u00dcberg\u00e4nge und Schwellen&nbsp;&nbsp;<\/strong>&nbsp; <br>Korinna Lindinger, Renate Stuefer, Sibylle Bader, Christian Reutlinger, Joachim Rauch<br> <strong><br>MO, 19.04.2021, 17:15\u201318:45, ONLINE<\/strong><br><strong>DIE STADT ALS LERNRAUM | Bildungslandschaften in Stadtentwicklungsgebieten<\/strong><br>Christian Peer, Emanuela Semlitsch, Judith Z\u00f6chmeister<br> <br><strong>MO, 31.05.2021, ANALOGE ABSCHLUSSVERANSTALTUNG, OUTDOOR<\/strong><br><strong>WAS WIRKT? | Aktuelle r\u00e4umliche Herausforderungen im Bildungsbereich<\/strong><br> <br> + + +<br> <br>Die Anforderungen an die Architektur von formalen Bildungsr\u00e4umen wie Schulen und&nbsp; Kinderg\u00e4rten haben sich in den letzten 20 Jahren deutlich ge\u00e4ndert. Die neuen R\u00e4ume f\u00fcr Bildung sollen unterschiedliche Lernarrangements erm\u00f6glichen \u2013 von der konzentrierten Einzelarbeit bis zum Arbeiten in Teams. Sie sollen sich in \u00fcberschaubare Einheiten gliedern, in denen Bildungsr\u00e4ume als Cluster um eine gemeinsame Mitte angeordnet sind. Diese Prinzipien sind heute weitgehend akzeptiert und in einer immer gr\u00f6\u00dferen Zahl von Neu- und Umbauten umgesetzt. Zudem gewinnen auch informelle Bildungsr\u00e4ume mehr und mehr an Bedeutung. Neu gestaltete Bildungsgr\u00e4tzl greifen die Ideen der Durchl\u00e4ssigkeit und Qualit\u00e4t durch Kooperation und Vielfalt der Formate auf. Im Idealfall verbinden sich auf lokaler Ebene verschiedene Bildungseinrichtungen zu einem Netzwerk an kultureller Infrastruktur, das den \u00f6ffentlichen Raum einbezieht und bereichert. <br> <br>Forschungsprojekte des Arbeitsraum Bildung der TU Wien haben sich in den letzten Jahren in Kooperation mit der AUVA diesen Themen in Experiment und Intervention gewidmet. Hier setzt der dritte Stadtsalon reflektierend mit seinen Fragen an: Gelingt in neuen und ver\u00e4nderten R\u00e4umen tats\u00e4chlich eine neue P\u00e4dagogik? Steigt das Wohlbefinden der Sch\u00fclerInnen und P\u00e4dagogInnen, was ist daf\u00fcr aus ihrer Perspektive ausschlaggebend? Verbessern sich Lernergebnisse und\/oder Lern- und Lebensqualit\u00e4t in der Schule? Braucht es Messinstrumente, wenn wir die Frage stellen: Was wirkt?<br> <strong><br>Veranstalterin:<\/strong> TU Wien, Arbeitsraum Bildung, Bildungslandschaften<br><strong>Moderation: <\/strong>Christian K\u00fchn, Sandra K\u00f6ster<br><strong>Organisation: <\/strong>Anja Aichinger<\/p>\n\n\n\n<p>+ + +<br> <br> <a href=\"http:\/\/www.bildungslandschaften.at\">www.bildungslandschaften.at<\/a><br><\/p>\n","protected":false},"excerpt":{"rendered":"<p>Zum dritten Mal l\u00e4dt der Arbeitsraum Bildung der TU Wien zum Stadtsalon Bildung. P\u00e4dagogik und Architektur zusammendenkend, widmet sich die Veranstaltung der Frage: Was wirkt?<\/p>\n","protected":false},"author":2,"featured_media":3794,"comment_status":"open","ping_status":"open","sticky":true,"template":"","format":"standard","meta":[],"categories":[1,6],"tags":[],"acf":[],"_links":{"self":[{"href":"https:\/\/zvsweb02.kunst.tuwien.ac.at\/index.php?rest_route=\/wp\/v2\/posts\/3789"}],"collection":[{"href":"https:\/\/zvsweb02.kunst.tuwien.ac.at\/index.php?rest_route=\/wp\/v2\/posts"}],"about":[{"href":"https:\/\/zvsweb02.kunst.tuwien.ac.at\/index.php?rest_route=\/wp\/v2\/types\/post"}],"author":[{"embeddable":true,"href":"https:\/\/zvsweb02.kunst.tuwien.ac.at\/index.php?rest_route=\/wp\/v2\/users\/2"}],"replies":[{"embeddable":true,"href":"https:\/\/zvsweb02.kunst.tuwien.ac.at\/index.php?rest_route=%2Fwp%2Fv2%2Fcomments&post=3789"}],"version-history":[{"count":4,"href":"https:\/\/zvsweb02.kunst.tuwien.ac.at\/index.php?rest_route=\/wp\/v2\/posts\/3789\/revisions"}],"predecessor-version":[{"id":3866,"href":"https:\/\/zvsweb02.kunst.tuwien.ac.at\/index.php?rest_route=\/wp\/v2\/posts\/3789\/revisions\/3866"}],"wp:featuredmedia":[{"embeddable":true,"href":"https:\/\/zvsweb02.kunst.tuwien.ac.at\/index.php?rest_route=\/wp\/v2\/media\/3794"}],"wp:attachment":[{"href":"https:\/\/zvsweb02.kunst.tuwien.ac.at\/index.php?rest_route=%2Fwp%2Fv2%2Fmedia&parent=3789"}],"wp:term":[{"taxonomy":"category","embeddable":true,"href":"https:\/\/zvsweb02.kunst.tuwien.ac.at\/index.php?rest_route=%2Fwp%2Fv2%2Fcategories&post=3789"},{"taxonomy":"post_tag","embeddable":true,"href":"https:\/\/zvsweb02.kunst.tuwien.ac.at\/index.php?rest_route=%2Fwp%2Fv2%2Ftags&post=3789"}],"curies":[{"name":"wp","href":"https:\/\/api.w.org\/{rel}","templated":true}]}}