
{"id":3886,"date":"2021-04-16T11:45:55","date_gmt":"2021-04-16T09:45:55","guid":{"rendered":"http:\/\/zvsweb02.kunst.tuwien.ac.at\/?p=3886"},"modified":"2021-11-22T13:05:09","modified_gmt":"2021-11-22T12:05:09","slug":"kuenstlerisches-projekt-2020","status":"publish","type":"post","link":"https:\/\/zvsweb02.kunst.tuwien.ac.at\/?p=3886","title":{"rendered":"K\u00fcnstlerisches Projekt 2020"},"content":{"rendered":"\n<p><strong>Das Steinhaus im Steindorf&nbsp;<\/strong><\/p>\n\n\n\n<p>Peripherie im Zentrum<\/p>\n\n\n\n<p>Im &#8222;Steinhaus&#8220; des Architekten G\u00fcnther Domenig beobachten und beschreiben wir das r\u00e4umliche Abenteuer dieses Ortes mittels Zeichnungen, schriftlicher oder gesprochener Sprache, als l\u00e4ngere Erz\u00e4hlung. Wollte oder konnte der Architekt f\u00fcr die Umgebung etwas bewirken, etwas sagen, welche Empfindungen rief und ruft er hervor? Wie steht und stand sein architektonisches Experiment, auf dem Seegrundst\u00fcck der Gro\u00dfmutter, in der Meinung der ans\u00e4ssigen Bev\u00f6lkerung da? Welchen Einfluss auf kulturelle Entwicklungen kann solch ein Bau haben? &#8230;<br><br>Eine dichte Hecke trennt das Steinhaus von einem Campingplatz, f\u00fcr &#8222;normalen&#8220; Tourismus. Ein &#8222;Clash der Kulturen&#8220; kann hier erlebt werden. Welche Ber\u00fchrungen gibt und gab es? Besuche&nbsp;anderer kultureller Orte in der Umgebung sollen Gegenstand kleinerer Expeditionen sein.&nbsp;<br>Der Aufenthalt f\u00fchrt hin zu einer eigenst\u00e4ndigen k\u00fcnstlerischen Arbeit, alleine oder in der Gruppe, deren Konzeption aus diesen Untersuchungen vor Ort resultiert.<br>Diskursive, konzeptuelle oder eher handlungsbezogene Praxis kann passieren. Die unmittelbare Auseinandersetzung mit den erlebten Orten soll unbedingt in die Arbeit miteinflie\u00dfen.<\/p>\n\n\n\n<p>Mit Neueinsteigern im Oktober 2020 behandeln wir Themen rund um das Werk G\u00fcnther Domenigs anhand seiner umgesetzten Projekte in Wien.<\/p>\n\n\n\n<p><a href=\"https:\/\/vimeo.com\/570219977\">Das Domenig Steinhaus in Steindorf am Ossiacher See\u00a0|\u00a0vimeo\u00a0link<\/a><\/p>\n\n\n\n<p><br><br>Studentenarbeiten | vimeo<\/p>\n\n\n\n<p><a href=\"https:\/\/vimeo.com\/537636986\">Grlic Radman<\/a><br><a href=\"https:\/\/vimeo.com\/537637479\">Hazar Camtepe<\/a><br><a href=\"https:\/\/vimeo.com\/537638822\">Ilayda Buse Bakis<\/a><br><a href=\"https:\/\/vimeo.com\/538615849\">Lisa Sch\u00f6fer<\/a><br><a href=\"https:\/\/vimeo.com\/538616988\">Lutz Sonja<\/a><br><a href=\"https:\/\/vimeo.com\/538617455\">Maria Br\u00fcckler<\/a><br><a href=\"https:\/\/vimeo.com\/537639370\">Mraovic Leonid<\/a><br><a href=\"https:\/\/vimeo.com\/538607624\">Zhussip Aknur<\/a><\/p>\n\n\n\n<p><br>Studentenarbeiten | pdf<\/p>\n\n\n\n<div class=\"wp-block-file\"><a href=\"http:\/\/zvsweb02.kunst.tuwien.ac.at\/wp-content\/uploads\/2021\/05\/Pr\u00e4sentation_Dekonstruktivismus_Alexander-Kozlov.pdf\">Alexander Kozlov<\/a><\/div>\n\n\n\n<div class=\"wp-block-file\"><a href=\"http:\/\/zvsweb02.kunst.tuwien.ac.at\/wp-content\/uploads\/2021\/05\/Leporello_Skulpturen_Barada_01328398.pdf\">Barada Mihael<\/a><\/div>\n\n\n\n<div class=\"wp-block-file\"><a href=\"http:\/\/zvsweb02.kunst.tuwien.ac.at\/wp-content\/uploads\/2021\/05\/Pr\u00e4sentation-zum-Buch_Endabgabe_ElBakry-Nesrin_01302180.pdf\">ElBakry Nesrin<\/a><\/div>\n\n\n\n<div class=\"wp-block-file\"><a href=\"http:\/\/zvsweb02.kunst.tuwien.ac.at\/wp-content\/uploads\/2021\/05\/Dossier_Eric-Alber_11917703.pdf\">Eric Alber<\/a><\/div>\n\n\n\n<div class=\"wp-block-file\"><a href=\"http:\/\/zvsweb02.kunst.tuwien.ac.at\/wp-content\/uploads\/2021\/05\/Kingshuk-Datta-01_264144-200915-Conceptual.pdf\">Kingshuk Datta<\/a><\/div>\n\n\n\n<div class=\"wp-block-file\"><a href=\"http:\/\/zvsweb02.kunst.tuwien.ac.at\/wp-content\/uploads\/2021\/05\/Lars-Ludwig.pdf\">Lars Ludwig<\/a><\/div>\n\n\n\n<div class=\"wp-block-file\"><a href=\"http:\/\/zvsweb02.kunst.tuwien.ac.at\/wp-content\/uploads\/2021\/05\/Melanie_Mur_01526347_Fotoserie__komprimiert-komprimiert.pdf\">Melanie Mur<\/a><\/div>\n\n\n\n<div class=\"wp-block-file\"><a href=\"http:\/\/zvsweb02.kunst.tuwien.ac.at\/wp-content\/uploads\/2021\/07\/Endabgabe_Sisi-Sun-compressed.pdf\">Sisi Sun<\/a><\/div>\n\n\n\n<p><br><\/p>\n","protected":false},"excerpt":{"rendered":"<p>Im &#8222;Steinhaus&#8220; des Architekten G\u00fcnther Domenig beobachten und beschreiben wir das r\u00e4umliche Abenteuer dieses Ortes mittels Zeichnungen, schriftlicher oder gesprochener Sprache, als l\u00e4ngere Erz\u00e4hlung. Wollte oder konnte der Architekt f\u00fcr die Umgebung etwas bewirken, etwas sagen, welche Empfindungen rief und ruft er hervor?<\/p>\n","protected":false},"author":2,"featured_media":3904,"comment_status":"open","ping_status":"open","sticky":true,"template":"","format":"standard","meta":[],"categories":[6,20],"tags":[],"acf":[],"_links":{"self":[{"href":"https:\/\/zvsweb02.kunst.tuwien.ac.at\/index.php?rest_route=\/wp\/v2\/posts\/3886"}],"collection":[{"href":"https:\/\/zvsweb02.kunst.tuwien.ac.at\/index.php?rest_route=\/wp\/v2\/posts"}],"about":[{"href":"https:\/\/zvsweb02.kunst.tuwien.ac.at\/index.php?rest_route=\/wp\/v2\/types\/post"}],"author":[{"embeddable":true,"href":"https:\/\/zvsweb02.kunst.tuwien.ac.at\/index.php?rest_route=\/wp\/v2\/users\/2"}],"replies":[{"embeddable":true,"href":"https:\/\/zvsweb02.kunst.tuwien.ac.at\/index.php?rest_route=%2Fwp%2Fv2%2Fcomments&post=3886"}],"version-history":[{"count":27,"href":"https:\/\/zvsweb02.kunst.tuwien.ac.at\/index.php?rest_route=\/wp\/v2\/posts\/3886\/revisions"}],"predecessor-version":[{"id":4045,"href":"https:\/\/zvsweb02.kunst.tuwien.ac.at\/index.php?rest_route=\/wp\/v2\/posts\/3886\/revisions\/4045"}],"wp:featuredmedia":[{"embeddable":true,"href":"https:\/\/zvsweb02.kunst.tuwien.ac.at\/index.php?rest_route=\/wp\/v2\/media\/3904"}],"wp:attachment":[{"href":"https:\/\/zvsweb02.kunst.tuwien.ac.at\/index.php?rest_route=%2Fwp%2Fv2%2Fmedia&parent=3886"}],"wp:term":[{"taxonomy":"category","embeddable":true,"href":"https:\/\/zvsweb02.kunst.tuwien.ac.at\/index.php?rest_route=%2Fwp%2Fv2%2Fcategories&post=3886"},{"taxonomy":"post_tag","embeddable":true,"href":"https:\/\/zvsweb02.kunst.tuwien.ac.at\/index.php?rest_route=%2Fwp%2Fv2%2Ftags&post=3886"}],"curies":[{"name":"wp","href":"https:\/\/api.w.org\/{rel}","templated":true}]}}