
{"id":4049,"date":"2021-07-08T11:18:29","date_gmt":"2021-07-08T09:18:29","guid":{"rendered":"http:\/\/zvsweb02.kunst.tuwien.ac.at\/?p=4049"},"modified":"2021-11-22T13:01:48","modified_gmt":"2021-11-22T12:01:48","slug":"sommer-in-der-seestadt-forschungs-residenzen","status":"publish","type":"post","link":"https:\/\/zvsweb02.kunst.tuwien.ac.at\/?p=4049","title":{"rendered":"Sommer in der Seestadt"},"content":{"rendered":"\n<p><strong>Forschungs-Residenzen<\/strong><\/p>\n\n\n\n<p>Im Rahmen der Transferable Skills Lehrveranstaltung \u201eSoziales Lernen in kreativen Prozessen\u201c<strong>\u00a0<\/strong>(Leitung: Karin Harather) konnte ein Residenz-Programm f\u00fcr k\u00fcnstlerische Forschung organisiert werden: Studierenden-Tandems verbringen w\u00e4hrend der Sommerferienmonate Juli &amp; August jeweils eine Woche vor Ort in der Seestadt Aspern, um \u00fcber das eigene Tun und Erleben experimentelle (stadt)raumbezogene Forschungen zu betreiben. Diese einw\u00f6chigen Residenzen stellen eine Mischung aus Urlaubs- und Forschungsaufenthalt dar und sollen das Leben in diesem neu entstandenen Stadtteil aus unterschiedlichen Beteiligungsperspektiven erkunden.<\/p>\n\n\n\n<p>Realisiert werden konnte das Residenz-Programm in Zusammenarbeit mit der&nbsp;Wien 3420&nbsp;<strong>aspern&nbsp;<\/strong>Development AG sowie den Hosts der @FeelGood Apartments und von @room4rent, die bis Ende August je ein Apartment zur Verf\u00fcgung stellen.<\/p>\n\n\n\n<p>Das \u201eStart-Tandem\u201c Hannah &amp; Naomi hat die Residenz bereits am Samstag, den 3. Juli bezogen.<\/p>\n","protected":false},"excerpt":{"rendered":"<p>Im Rahmen der Transferable Skills Lehrveranstaltung \u201eSoziales Lernen in kreativen Prozessen\u201c (Leitung: Karin Harather) konnte ein Residenz-Programm f\u00fcr k\u00fcnstlerische Forschung organisiert werden: Studierenden-Tandems verbringen w\u00e4hrend der Sommerferienmonate Juli &#038; August jeweils eine Woche vor Ort in der Seestadt Aspern, um \u00fcber das eigene Tun und Erleben experimentelle (stadt)raumbezogene Forschungen zu betreiben. Diese einw\u00f6chigen Residenzen stellen eine Mischung aus Urlaubs- und Forschungsaufenthalt dar und sollen das Leben in diesem neu entstandenen Stadtteil aus unterschiedlichen Beteiligungsperspektiven erkunden.<\/p>\n","protected":false},"author":2,"featured_media":4050,"comment_status":"open","ping_status":"open","sticky":true,"template":"","format":"standard","meta":[],"categories":[6],"tags":[],"acf":[],"_links":{"self":[{"href":"https:\/\/zvsweb02.kunst.tuwien.ac.at\/index.php?rest_route=\/wp\/v2\/posts\/4049"}],"collection":[{"href":"https:\/\/zvsweb02.kunst.tuwien.ac.at\/index.php?rest_route=\/wp\/v2\/posts"}],"about":[{"href":"https:\/\/zvsweb02.kunst.tuwien.ac.at\/index.php?rest_route=\/wp\/v2\/types\/post"}],"author":[{"embeddable":true,"href":"https:\/\/zvsweb02.kunst.tuwien.ac.at\/index.php?rest_route=\/wp\/v2\/users\/2"}],"replies":[{"embeddable":true,"href":"https:\/\/zvsweb02.kunst.tuwien.ac.at\/index.php?rest_route=%2Fwp%2Fv2%2Fcomments&post=4049"}],"version-history":[{"count":2,"href":"https:\/\/zvsweb02.kunst.tuwien.ac.at\/index.php?rest_route=\/wp\/v2\/posts\/4049\/revisions"}],"predecessor-version":[{"id":4052,"href":"https:\/\/zvsweb02.kunst.tuwien.ac.at\/index.php?rest_route=\/wp\/v2\/posts\/4049\/revisions\/4052"}],"wp:featuredmedia":[{"embeddable":true,"href":"https:\/\/zvsweb02.kunst.tuwien.ac.at\/index.php?rest_route=\/wp\/v2\/media\/4050"}],"wp:attachment":[{"href":"https:\/\/zvsweb02.kunst.tuwien.ac.at\/index.php?rest_route=%2Fwp%2Fv2%2Fmedia&parent=4049"}],"wp:term":[{"taxonomy":"category","embeddable":true,"href":"https:\/\/zvsweb02.kunst.tuwien.ac.at\/index.php?rest_route=%2Fwp%2Fv2%2Fcategories&post=4049"},{"taxonomy":"post_tag","embeddable":true,"href":"https:\/\/zvsweb02.kunst.tuwien.ac.at\/index.php?rest_route=%2Fwp%2Fv2%2Ftags&post=4049"}],"curies":[{"name":"wp","href":"https:\/\/api.w.org\/{rel}","templated":true}]}}