
{"id":4090,"date":"2021-08-30T10:31:49","date_gmt":"2021-08-30T08:31:49","guid":{"rendered":"http:\/\/zvsweb02.kunst.tuwien.ac.at\/?p=4090"},"modified":"2021-11-22T12:35:31","modified_gmt":"2021-11-22T11:35:31","slug":"bilder-vom-gelaende","status":"publish","type":"post","link":"https:\/\/zvsweb02.kunst.tuwien.ac.at\/?p=4090","title":{"rendered":"Bilder vom Gel\u00e4nde"},"content":{"rendered":"\n<p><strong>International Public Summer School 2021&nbsp;<\/strong><br>Kritische Erkundungen am und zum ehemaligen Reichsparteitagsgel\u00e4nde in N\u00fcrnberg<\/p>\n\n\n\n<figure class=\"wp-block-image\"><img loading=\"lazy\" width=\"600\" height=\"385\" src=\"http:\/\/zvsweb02.kunst.tuwien.ac.at\/wp-content\/uploads\/2021\/08\/Pressefoto20Spiegelwiese20RGB-600x385.jpeg\" alt=\"\" class=\"wp-image-4093\" srcset=\"https:\/\/zvsweb02.kunst.tuwien.ac.at\/wp-content\/uploads\/2021\/08\/Pressefoto20Spiegelwiese20RGB-600x385.jpeg 600w, https:\/\/zvsweb02.kunst.tuwien.ac.at\/wp-content\/uploads\/2021\/08\/Pressefoto20Spiegelwiese20RGB-300x193.jpeg 300w, https:\/\/zvsweb02.kunst.tuwien.ac.at\/wp-content\/uploads\/2021\/08\/Pressefoto20Spiegelwiese20RGB-500x321.jpeg 500w, https:\/\/zvsweb02.kunst.tuwien.ac.at\/wp-content\/uploads\/2021\/08\/Pressefoto20Spiegelwiese20RGB-50x32.jpeg 50w, https:\/\/zvsweb02.kunst.tuwien.ac.at\/wp-content\/uploads\/2021\/08\/Pressefoto20Spiegelwiese20RGB.jpeg 640w\" sizes=\"(max-width: 600px) 100vw, 600px\" \/><\/figure>\n\n\n\n<p>Vom&nbsp;<strong>13. \u2013 26. 9. 2021<\/strong>&nbsp;l\u00e4dt die&nbsp;<strong>International Public Summer School<\/strong>&nbsp;Studierende und Forschende aus Architektur, St\u00e4dtebau, Erziehungs- und Geschichtswissenschaften, Kulturgeografie und Journalismus, K\u00fcnstler*innen, Fotograf*innen, Filme- und Ausstellungsmacher*innen, Vertreter*innen aus Politik und zivilgesellschaftlichen Projekten sowie die interessierte \u00d6ffentlichkeit ein, gemeinsam \u00fcber den Umgang mit dem ehemaligen Reichsparteitagsgel\u00e4nde in N\u00fcrnberg zu diskutieren.<br><br>Dabei geht es im Rahmen von&nbsp;<strong>Pr\u00e4sentationen<\/strong>,&nbsp;<strong>Lesungen<\/strong>,&nbsp;<strong>Vortr\u00e4gen<\/strong>,&nbsp;<strong>Workshops<\/strong>&nbsp;und einer zweieinhalbt\u00e4gigen <strong>Tagung<\/strong>&nbsp;vor allem darum, Fragen zu erarbeiten, die sich an diesen Ort und seine Bauten heute und f\u00fcr die Zukunft stellen. Ziel ist der Ansto\u00df eines \u00f6ffentlichen Diskurses, um so die geplanten Neugestaltungen des Gel\u00e4ndes konstruktiv, kritisch und zivilgesellschaftlich zu begleiten. Diskussionsvorhaben sind:<br><br>\u2022 Die \u00d6ffnung des Gel\u00e4ndes f\u00fcr einen \u00fcber\u00f6rtlichen internationalen Austausch.<br>\u2022 Die Entwicklung neuartiger transdisziplin\u00e4rer Kooperationen f\u00fcr die Gestaltung von Erinnerungsorten.<br>\u2022 Die Schaffung eines demokratischen Raums, in dem Formen der Partizipation an Erinnerungskultur entwickelt, ausprobiert und umgesetzt werden.&nbsp;<br>\u2022 Die Einbindung bislang oft vernachl\u00e4ssigter (v.&nbsp;a. post-migrantischer) Akteur*innen in die Formung von Erinnerungskultur und Geschichtspolitik zur NS-Vergangenheit.<br><br>Die&nbsp;im Laufe&nbsp;der Summer School auf dem Gel\u00e4nde (Spiegelwiese) kontinuierlich anwachsende&nbsp;<strong>Ausstellung&nbsp;\u201eBilder zum Gel\u00e4nde\u201c&nbsp;<\/strong>macht die Ergebnisse der Diskussionen f\u00fcr eine noch breitere \u00d6ffentlichkeit zug\u00e4nglich.&nbsp;<br><br>Informationen zu Teilnehmer*innen, Veranstaltungsorten, Anmeldung und das detaillierte Programm der Summer School finden Interessierte auf der Webseite&nbsp;<a href=\"http:\/\/www.gelaende.org\/\">gelaende.org<\/a><\/p>\n\n\n\n<p><strong>Idee,&nbsp;Konzept, Organisation:<\/strong><br>Ingrid Burgstaller, Fakult\u00e4t Architektur, TH N\u00fcrnberg<br>Xiaotian&nbsp;Li, Fakult\u00e4t Architektur, TH N\u00fcrnberg<br>Inge Manka, Institut Kunst und Gestaltung 1, Fakult\u00e4t Architektur u. Raumplanung, TU Wien<br>Christof Popp, BauLust e.&nbsp;V., N\u00fcrnberg&nbsp;<br>Peter Wendl, Transmediale R\u00e4ume, AdBK N\u00fcrnberg&nbsp;<br><br>Ein&nbsp;Forschungsprojekt&nbsp;von&nbsp;AdBK&nbsp;N\u00fcrnberg \/ Transmediale R\u00e4ume, TH N\u00fcrnberg \/ Fakult\u00e4t Architektur, TU Wien \/ Institut Kunst u. Gestaltung 1 \/ Fakult\u00e4t Architektur u. Raumplanung und BauLust e.&nbsp;V.<\/p>\n\n\n\n<p><strong>Unterst\u00fctzt und gef\u00f6rdert durch:<\/strong>&nbsp;&nbsp;<br>Leonardo \u2013 Zentrum f\u00fcr Kreativit\u00e4t und Innovation im Rahmen des Bund-L\u00e4nder-Programms \u201eInnovative Hochschule\u201c<br>Rudolf und Eberhard Bauer Stiftung&nbsp;<br>BauLust e.V. \u2013 Initiative f\u00fcr Architektur &amp; \u00d6ffentlichkeit<br>Bayerische Architektenkammer<br>Stadt N\u00fcrnberg<br><\/p>\n","protected":false},"excerpt":{"rendered":"<p>International Public Summer School 2021<br \/>\nKritische Erkundungen am und zum ehemaligen Reichsparteitagsgel\u00e4nde in N\u00fcrnberg<\/p>\n","protected":false},"author":2,"featured_media":4095,"comment_status":"open","ping_status":"open","sticky":true,"template":"","format":"standard","meta":[],"categories":[6,17,18],"tags":[],"acf":[],"_links":{"self":[{"href":"https:\/\/zvsweb02.kunst.tuwien.ac.at\/index.php?rest_route=\/wp\/v2\/posts\/4090"}],"collection":[{"href":"https:\/\/zvsweb02.kunst.tuwien.ac.at\/index.php?rest_route=\/wp\/v2\/posts"}],"about":[{"href":"https:\/\/zvsweb02.kunst.tuwien.ac.at\/index.php?rest_route=\/wp\/v2\/types\/post"}],"author":[{"embeddable":true,"href":"https:\/\/zvsweb02.kunst.tuwien.ac.at\/index.php?rest_route=\/wp\/v2\/users\/2"}],"replies":[{"embeddable":true,"href":"https:\/\/zvsweb02.kunst.tuwien.ac.at\/index.php?rest_route=%2Fwp%2Fv2%2Fcomments&post=4090"}],"version-history":[{"count":8,"href":"https:\/\/zvsweb02.kunst.tuwien.ac.at\/index.php?rest_route=\/wp\/v2\/posts\/4090\/revisions"}],"predecessor-version":[{"id":4172,"href":"https:\/\/zvsweb02.kunst.tuwien.ac.at\/index.php?rest_route=\/wp\/v2\/posts\/4090\/revisions\/4172"}],"wp:featuredmedia":[{"embeddable":true,"href":"https:\/\/zvsweb02.kunst.tuwien.ac.at\/index.php?rest_route=\/wp\/v2\/media\/4095"}],"wp:attachment":[{"href":"https:\/\/zvsweb02.kunst.tuwien.ac.at\/index.php?rest_route=%2Fwp%2Fv2%2Fmedia&parent=4090"}],"wp:term":[{"taxonomy":"category","embeddable":true,"href":"https:\/\/zvsweb02.kunst.tuwien.ac.at\/index.php?rest_route=%2Fwp%2Fv2%2Fcategories&post=4090"},{"taxonomy":"post_tag","embeddable":true,"href":"https:\/\/zvsweb02.kunst.tuwien.ac.at\/index.php?rest_route=%2Fwp%2Fv2%2Ftags&post=4090"}],"curies":[{"name":"wp","href":"https:\/\/api.w.org\/{rel}","templated":true}]}}