
{"id":4240,"date":"2022-01-25T13:20:00","date_gmt":"2022-01-25T12:20:00","guid":{"rendered":"https:\/\/zvsweb02.kunst.tuwien.ac.at\/?p=4240"},"modified":"2022-02-14T10:27:55","modified_gmt":"2022-02-14T09:27:55","slug":"stegreifentwerfen-colors-matter","status":"publish","type":"post","link":"https:\/\/zvsweb02.kunst.tuwien.ac.at\/?p=4240","title":{"rendered":"STEGREIFENTWERFEN: COLORS MATTER"},"content":{"rendered":"\n<p>STEGREIFENTWERFEN 2021W<br><br><strong>COLORS MATTER.&nbsp;<br>Farbkonzepte f\u00fcr Bildungsr\u00e4ume<\/strong><br><br>Farbgestaltung im Bildungsbau hat Auswirkungen auf die Motivation, Lern- bzw. Lehrerfolg und Wohlbefinden bei Lernenden und Lehrenden. Den verschiedenen Nutzungen und Nutzendengruppen entsprechende Farb- und Lichtkonzepte bilden einen grundlegenden Bestandteil gelungener Lernatmosph\u00e4ren. Insbesondere im Bestand stellen sie dar\u00fcber hinaus eine kosteng\u00fcnstige und gleichzeitig hochwirksame M\u00f6glichkeit zur bedarfsgerechten Optimierung dar.<br>Die Lehrveranstaltung versteht sich als Teil des FFG-gef\u00f6rderten Innovationslabors \u201aBib-Lab \u2013 Innovationslabor f\u00fcr Bildungsr\u00e4ume in Bewegung\u2018 des Arbeitsraum Bildung der TU Wien (<a rel=\"noreferrer noopener\" href=\"http:\/\/www.arbeitsraumbildung.at\/\" target=\"_blank\">www.arbeitsraumbildung.at<\/a>). Im Zuge des dreij\u00e4hrigen Forschungsprojekts werden auf dem Gebiet der Per-Albin-Hansson-Siedlung neben Partizipations- und Vernetzungsprozessen innovative Gestaltungskonzepte f\u00fcr Bestandsschulen entwickelt und exemplarisch getestet.<br><br><strong>Konzept &amp; Betreuung:<\/strong>&nbsp;Arch. Dipl.-Ing. Anja Aichinger<br><br><strong>Teilnehmende:<\/strong>&nbsp;Emile Drean | Tobias Figlm\u00fcller | Christina Haslauer | Foteini Karatza | Anika Krenn | A.K. | Noura Mansour | Leonie Preiss | Paul-Pepe Rieger | Katharina Rohringer | Omar Saif El Din | Bianca Sitz | Katharina Stell | Lea Storz | Stefanie Strohmaier | Miriam Swoboda | Florian Wegmann<br><br><strong>Arbeiten<\/strong>:<\/p>\n\n\n\n<p><strong>JAHR UND TAG | Sportmittelschule SMS 10<br><\/strong>Katharina Rohringer + Miriam Swoboda<br><br>F\u00fcr das Farbkonzept wurden drei Zonen und die entsprechenden Zielatmosph\u00e4ren definiert. Inspiriert von verschiedenen Jahres- und Tageszeiten wurden Bilder aus Natur und Kunst gesucht und den jeweiligen Stimmungen zugeordnet, um daraus Basisnuancen und passende Lichtarchetypen abzuleiten.<br><br>Die Klassenzimmer basieren auf Farb- und Lichtstimmung des Fr\u00fchlings und des Morgens: Hier werden zur F\u00f6rderung der Konzentration helle und unges\u00e4ttigte Farben eingesetzt. Grundthema der Pausenhalle ist Sommer bzw. Nachmittag. Der ausgelassene Charakter wird durch stark ges\u00e4ttigte Akzentfarben \u2013 unterst\u00fctzt durch verspielte Formen \u2013 erzielt. Der Gang als \u00dcbergangszone zwischen Pausenhalle und Klasse wird durch farbliche Abstufungen bestimmt. Als R\u00fcckzugsorte wurden in den G\u00e4ngen au\u00dferdem Nischen eingeplant, die sp\u00e4tsommerliche bzw. abendliche Atmosph\u00e4re vermitteln. Ged\u00e4mpfte Nuancen sorgen hier f\u00fcr Ruhe und Entspannung.<\/p>\n\n\n\n<figure class=\"wp-block-gallery columns-1 is-cropped\"><ul class=\"blocks-gallery-grid\"><li class=\"blocks-gallery-item\"><figure><img loading=\"lazy\" width=\"2560\" height=\"1509\" src=\"https:\/\/zvsweb02.kunst.tuwien.ac.at\/wp-content\/uploads\/2022\/01\/01_COLORS_MATTER_Rohringer_Swoboda_SMS10_01-scaled.jpg\" alt=\"\" data-id=\"4242\" data-full-url=\"https:\/\/zvsweb02.kunst.tuwien.ac.at\/wp-content\/uploads\/2022\/01\/01_COLORS_MATTER_Rohringer_Swoboda_SMS10_01-scaled.jpg\" data-link=\"https:\/\/zvsweb02.kunst.tuwien.ac.at\/?attachment_id=4242\" class=\"wp-image-4242\" srcset=\"https:\/\/zvsweb02.kunst.tuwien.ac.at\/wp-content\/uploads\/2022\/01\/01_COLORS_MATTER_Rohringer_Swoboda_SMS10_01-scaled.jpg 2560w, https:\/\/zvsweb02.kunst.tuwien.ac.at\/wp-content\/uploads\/2022\/01\/01_COLORS_MATTER_Rohringer_Swoboda_SMS10_01-300x177.jpg 300w, https:\/\/zvsweb02.kunst.tuwien.ac.at\/wp-content\/uploads\/2022\/01\/01_COLORS_MATTER_Rohringer_Swoboda_SMS10_01-600x354.jpg 600w, https:\/\/zvsweb02.kunst.tuwien.ac.at\/wp-content\/uploads\/2022\/01\/01_COLORS_MATTER_Rohringer_Swoboda_SMS10_01-768x453.jpg 768w, https:\/\/zvsweb02.kunst.tuwien.ac.at\/wp-content\/uploads\/2022\/01\/01_COLORS_MATTER_Rohringer_Swoboda_SMS10_01-1536x905.jpg 1536w, https:\/\/zvsweb02.kunst.tuwien.ac.at\/wp-content\/uploads\/2022\/01\/01_COLORS_MATTER_Rohringer_Swoboda_SMS10_01-2048x1207.jpg 2048w, https:\/\/zvsweb02.kunst.tuwien.ac.at\/wp-content\/uploads\/2022\/01\/01_COLORS_MATTER_Rohringer_Swoboda_SMS10_01-500x295.jpg 500w, https:\/\/zvsweb02.kunst.tuwien.ac.at\/wp-content\/uploads\/2022\/01\/01_COLORS_MATTER_Rohringer_Swoboda_SMS10_01-50x29.jpg 50w\" sizes=\"(max-width: 2560px) 100vw, 2560px\" \/><\/figure><\/li><li class=\"blocks-gallery-item\"><figure><img loading=\"lazy\" width=\"2560\" height=\"1810\" src=\"https:\/\/zvsweb02.kunst.tuwien.ac.at\/wp-content\/uploads\/2022\/01\/01_COLORS_MATTER_Rohringer_Swoboda_SMS10_02-scaled.jpg\" alt=\"\" data-id=\"4243\" data-full-url=\"https:\/\/zvsweb02.kunst.tuwien.ac.at\/wp-content\/uploads\/2022\/01\/01_COLORS_MATTER_Rohringer_Swoboda_SMS10_02-scaled.jpg\" data-link=\"https:\/\/zvsweb02.kunst.tuwien.ac.at\/?attachment_id=4243\" class=\"wp-image-4243\" srcset=\"https:\/\/zvsweb02.kunst.tuwien.ac.at\/wp-content\/uploads\/2022\/01\/01_COLORS_MATTER_Rohringer_Swoboda_SMS10_02-scaled.jpg 2560w, https:\/\/zvsweb02.kunst.tuwien.ac.at\/wp-content\/uploads\/2022\/01\/01_COLORS_MATTER_Rohringer_Swoboda_SMS10_02-300x212.jpg 300w, https:\/\/zvsweb02.kunst.tuwien.ac.at\/wp-content\/uploads\/2022\/01\/01_COLORS_MATTER_Rohringer_Swoboda_SMS10_02-600x424.jpg 600w, https:\/\/zvsweb02.kunst.tuwien.ac.at\/wp-content\/uploads\/2022\/01\/01_COLORS_MATTER_Rohringer_Swoboda_SMS10_02-768x543.jpg 768w, https:\/\/zvsweb02.kunst.tuwien.ac.at\/wp-content\/uploads\/2022\/01\/01_COLORS_MATTER_Rohringer_Swoboda_SMS10_02-1536x1086.jpg 1536w, https:\/\/zvsweb02.kunst.tuwien.ac.at\/wp-content\/uploads\/2022\/01\/01_COLORS_MATTER_Rohringer_Swoboda_SMS10_02-2048x1448.jpg 2048w, https:\/\/zvsweb02.kunst.tuwien.ac.at\/wp-content\/uploads\/2022\/01\/01_COLORS_MATTER_Rohringer_Swoboda_SMS10_02-500x354.jpg 500w, https:\/\/zvsweb02.kunst.tuwien.ac.at\/wp-content\/uploads\/2022\/01\/01_COLORS_MATTER_Rohringer_Swoboda_SMS10_02-50x35.jpg 50w\" sizes=\"(max-width: 2560px) 100vw, 2560px\" \/><\/figure><\/li><li class=\"blocks-gallery-item\"><figure><img loading=\"lazy\" width=\"600\" height=\"391\" src=\"https:\/\/zvsweb02.kunst.tuwien.ac.at\/wp-content\/uploads\/2022\/01\/01_COLORS_MATTER_Rohringer_Swoboda_SMS103-600x391.jpg\" alt=\"\" data-id=\"4244\" data-full-url=\"https:\/\/zvsweb02.kunst.tuwien.ac.at\/wp-content\/uploads\/2022\/01\/01_COLORS_MATTER_Rohringer_Swoboda_SMS103-scaled.jpg\" data-link=\"https:\/\/zvsweb02.kunst.tuwien.ac.at\/?attachment_id=4244\" class=\"wp-image-4244\" srcset=\"https:\/\/zvsweb02.kunst.tuwien.ac.at\/wp-content\/uploads\/2022\/01\/01_COLORS_MATTER_Rohringer_Swoboda_SMS103-600x391.jpg 600w, https:\/\/zvsweb02.kunst.tuwien.ac.at\/wp-content\/uploads\/2022\/01\/01_COLORS_MATTER_Rohringer_Swoboda_SMS103-300x195.jpg 300w, https:\/\/zvsweb02.kunst.tuwien.ac.at\/wp-content\/uploads\/2022\/01\/01_COLORS_MATTER_Rohringer_Swoboda_SMS103-768x500.jpg 768w, https:\/\/zvsweb02.kunst.tuwien.ac.at\/wp-content\/uploads\/2022\/01\/01_COLORS_MATTER_Rohringer_Swoboda_SMS103-1536x1000.jpg 1536w, https:\/\/zvsweb02.kunst.tuwien.ac.at\/wp-content\/uploads\/2022\/01\/01_COLORS_MATTER_Rohringer_Swoboda_SMS103-2048x1334.jpg 2048w, https:\/\/zvsweb02.kunst.tuwien.ac.at\/wp-content\/uploads\/2022\/01\/01_COLORS_MATTER_Rohringer_Swoboda_SMS103-500x326.jpg 500w, https:\/\/zvsweb02.kunst.tuwien.ac.at\/wp-content\/uploads\/2022\/01\/01_COLORS_MATTER_Rohringer_Swoboda_SMS103-50x33.jpg 50w\" sizes=\"(max-width: 600px) 100vw, 600px\" \/><\/figure><\/li><\/ul><\/figure>\n\n\n\n<p><br><br><strong>COLORS OF MOTION | Sportmittelschule SMS 10<br><\/strong>Noura Mansour + Bianca Sitz<br><br><em>\u201eIch will in eine Schule gehen, bei der ich Kind sein kann. Ein Kind das aktiv, ehrlich, laut und gelassen ist, in einer Schule, die inspiriert, motiviert und akzeptiert. Ich will Farben sehen und sp\u00fcren, mich von der Umgebung inspirieren lassen und sie pr\u00e4gen.\u201c<\/em><br><br>Das Projekt schafft mittels Farben und Gestaltung die Vision einer aktiven Schule. Es werden verschiedene Farben, die f\u00fcr die unterschiedlichen Sportarten, die in der Schule praktiziert werden, miteinander kombiniert. Violett, Gr\u00fcn und Blau stehen f\u00fcr die Bewegung. Hinzu kommt Gelb als Farbe f\u00fcr die Ruhe und Entspannung, die es im Sport als Ausgleich ebenfalls braucht. So entstehen R\u00e4ume, die laut und R\u00e4ume, die leise sind. R\u00e4ume zum Aufenthalt und R\u00e4ume zum aktiv werden.<br><\/p>\n\n\n\n<figure class=\"wp-block-image size-full\"><img loading=\"lazy\" width=\"2560\" height=\"528\" src=\"https:\/\/zvsweb02.kunst.tuwien.ac.at\/wp-content\/uploads\/2022\/01\/02_COLORS_MATTER_Sitz_Mansour_Colors_of_Motion_01-scaled.jpg\" alt=\"\" class=\"wp-image-4245\" srcset=\"https:\/\/zvsweb02.kunst.tuwien.ac.at\/wp-content\/uploads\/2022\/01\/02_COLORS_MATTER_Sitz_Mansour_Colors_of_Motion_01-scaled.jpg 2560w, https:\/\/zvsweb02.kunst.tuwien.ac.at\/wp-content\/uploads\/2022\/01\/02_COLORS_MATTER_Sitz_Mansour_Colors_of_Motion_01-300x62.jpg 300w, https:\/\/zvsweb02.kunst.tuwien.ac.at\/wp-content\/uploads\/2022\/01\/02_COLORS_MATTER_Sitz_Mansour_Colors_of_Motion_01-600x124.jpg 600w, https:\/\/zvsweb02.kunst.tuwien.ac.at\/wp-content\/uploads\/2022\/01\/02_COLORS_MATTER_Sitz_Mansour_Colors_of_Motion_01-768x158.jpg 768w, https:\/\/zvsweb02.kunst.tuwien.ac.at\/wp-content\/uploads\/2022\/01\/02_COLORS_MATTER_Sitz_Mansour_Colors_of_Motion_01-1536x317.jpg 1536w, https:\/\/zvsweb02.kunst.tuwien.ac.at\/wp-content\/uploads\/2022\/01\/02_COLORS_MATTER_Sitz_Mansour_Colors_of_Motion_01-2048x423.jpg 2048w, https:\/\/zvsweb02.kunst.tuwien.ac.at\/wp-content\/uploads\/2022\/01\/02_COLORS_MATTER_Sitz_Mansour_Colors_of_Motion_01-500x103.jpg 500w, https:\/\/zvsweb02.kunst.tuwien.ac.at\/wp-content\/uploads\/2022\/01\/02_COLORS_MATTER_Sitz_Mansour_Colors_of_Motion_01-50x10.jpg 50w\" sizes=\"(max-width: 2560px) 100vw, 2560px\" \/><\/figure>\n\n\n\n<figure class=\"wp-block-image size-full\"><img loading=\"lazy\" width=\"2560\" height=\"1510\" src=\"https:\/\/zvsweb02.kunst.tuwien.ac.at\/wp-content\/uploads\/2022\/01\/02_COLORS_MATTER_Sitz_Mansour_Colors_of_Motion_02-scaled.jpg\" alt=\"\" class=\"wp-image-4246\" srcset=\"https:\/\/zvsweb02.kunst.tuwien.ac.at\/wp-content\/uploads\/2022\/01\/02_COLORS_MATTER_Sitz_Mansour_Colors_of_Motion_02-scaled.jpg 2560w, https:\/\/zvsweb02.kunst.tuwien.ac.at\/wp-content\/uploads\/2022\/01\/02_COLORS_MATTER_Sitz_Mansour_Colors_of_Motion_02-300x177.jpg 300w, https:\/\/zvsweb02.kunst.tuwien.ac.at\/wp-content\/uploads\/2022\/01\/02_COLORS_MATTER_Sitz_Mansour_Colors_of_Motion_02-600x354.jpg 600w, https:\/\/zvsweb02.kunst.tuwien.ac.at\/wp-content\/uploads\/2022\/01\/02_COLORS_MATTER_Sitz_Mansour_Colors_of_Motion_02-768x453.jpg 768w, https:\/\/zvsweb02.kunst.tuwien.ac.at\/wp-content\/uploads\/2022\/01\/02_COLORS_MATTER_Sitz_Mansour_Colors_of_Motion_02-1536x906.jpg 1536w, https:\/\/zvsweb02.kunst.tuwien.ac.at\/wp-content\/uploads\/2022\/01\/02_COLORS_MATTER_Sitz_Mansour_Colors_of_Motion_02-2048x1208.jpg 2048w, https:\/\/zvsweb02.kunst.tuwien.ac.at\/wp-content\/uploads\/2022\/01\/02_COLORS_MATTER_Sitz_Mansour_Colors_of_Motion_02-500x295.jpg 500w, https:\/\/zvsweb02.kunst.tuwien.ac.at\/wp-content\/uploads\/2022\/01\/02_COLORS_MATTER_Sitz_Mansour_Colors_of_Motion_02-50x29.jpg 50w\" sizes=\"(max-width: 2560px) 100vw, 2560px\" \/><\/figure>\n\n\n\n<figure class=\"wp-block-image size-full\"><img loading=\"lazy\" width=\"2560\" height=\"1851\" src=\"https:\/\/zvsweb02.kunst.tuwien.ac.at\/wp-content\/uploads\/2022\/01\/02_COLORS_MATTER_Sitz_Mansour_Colors_of_Motion_03-scaled.jpg\" alt=\"\" class=\"wp-image-4247\" srcset=\"https:\/\/zvsweb02.kunst.tuwien.ac.at\/wp-content\/uploads\/2022\/01\/02_COLORS_MATTER_Sitz_Mansour_Colors_of_Motion_03-scaled.jpg 2560w, https:\/\/zvsweb02.kunst.tuwien.ac.at\/wp-content\/uploads\/2022\/01\/02_COLORS_MATTER_Sitz_Mansour_Colors_of_Motion_03-300x217.jpg 300w, https:\/\/zvsweb02.kunst.tuwien.ac.at\/wp-content\/uploads\/2022\/01\/02_COLORS_MATTER_Sitz_Mansour_Colors_of_Motion_03-600x434.jpg 600w, https:\/\/zvsweb02.kunst.tuwien.ac.at\/wp-content\/uploads\/2022\/01\/02_COLORS_MATTER_Sitz_Mansour_Colors_of_Motion_03-768x555.jpg 768w, https:\/\/zvsweb02.kunst.tuwien.ac.at\/wp-content\/uploads\/2022\/01\/02_COLORS_MATTER_Sitz_Mansour_Colors_of_Motion_03-1536x1111.jpg 1536w, https:\/\/zvsweb02.kunst.tuwien.ac.at\/wp-content\/uploads\/2022\/01\/02_COLORS_MATTER_Sitz_Mansour_Colors_of_Motion_03-2048x1481.jpg 2048w, https:\/\/zvsweb02.kunst.tuwien.ac.at\/wp-content\/uploads\/2022\/01\/02_COLORS_MATTER_Sitz_Mansour_Colors_of_Motion_03-500x361.jpg 500w, https:\/\/zvsweb02.kunst.tuwien.ac.at\/wp-content\/uploads\/2022\/01\/02_COLORS_MATTER_Sitz_Mansour_Colors_of_Motion_03-50x36.jpg 50w\" sizes=\"(max-width: 2560px) 100vw, 2560px\" \/><\/figure>\n\n\n\n<figure class=\"wp-block-image size-full\"><img loading=\"lazy\" width=\"2560\" height=\"1815\" src=\"https:\/\/zvsweb02.kunst.tuwien.ac.at\/wp-content\/uploads\/2022\/01\/02_COLORS_MATTER_Sitz_Mansour_Colors_of_Motion_04-scaled.jpg\" alt=\"\" class=\"wp-image-4248\" srcset=\"https:\/\/zvsweb02.kunst.tuwien.ac.at\/wp-content\/uploads\/2022\/01\/02_COLORS_MATTER_Sitz_Mansour_Colors_of_Motion_04-scaled.jpg 2560w, https:\/\/zvsweb02.kunst.tuwien.ac.at\/wp-content\/uploads\/2022\/01\/02_COLORS_MATTER_Sitz_Mansour_Colors_of_Motion_04-300x213.jpg 300w, https:\/\/zvsweb02.kunst.tuwien.ac.at\/wp-content\/uploads\/2022\/01\/02_COLORS_MATTER_Sitz_Mansour_Colors_of_Motion_04-600x425.jpg 600w, https:\/\/zvsweb02.kunst.tuwien.ac.at\/wp-content\/uploads\/2022\/01\/02_COLORS_MATTER_Sitz_Mansour_Colors_of_Motion_04-768x545.jpg 768w, https:\/\/zvsweb02.kunst.tuwien.ac.at\/wp-content\/uploads\/2022\/01\/02_COLORS_MATTER_Sitz_Mansour_Colors_of_Motion_04-1536x1089.jpg 1536w, https:\/\/zvsweb02.kunst.tuwien.ac.at\/wp-content\/uploads\/2022\/01\/02_COLORS_MATTER_Sitz_Mansour_Colors_of_Motion_04-2048x1452.jpg 2048w, https:\/\/zvsweb02.kunst.tuwien.ac.at\/wp-content\/uploads\/2022\/01\/02_COLORS_MATTER_Sitz_Mansour_Colors_of_Motion_04-500x355.jpg 500w, https:\/\/zvsweb02.kunst.tuwien.ac.at\/wp-content\/uploads\/2022\/01\/02_COLORS_MATTER_Sitz_Mansour_Colors_of_Motion_04-50x35.jpg 50w\" sizes=\"(max-width: 2560px) 100vw, 2560px\" \/><\/figure>\n\n\n\n<figure class=\"wp-block-image size-full\"><img loading=\"lazy\" width=\"2560\" height=\"1827\" src=\"https:\/\/zvsweb02.kunst.tuwien.ac.at\/wp-content\/uploads\/2022\/01\/02_COLORS_MATTER_Sitz_Mansour_Colors_of_Motion_05-scaled.jpg\" alt=\"\" class=\"wp-image-4249\" srcset=\"https:\/\/zvsweb02.kunst.tuwien.ac.at\/wp-content\/uploads\/2022\/01\/02_COLORS_MATTER_Sitz_Mansour_Colors_of_Motion_05-scaled.jpg 2560w, https:\/\/zvsweb02.kunst.tuwien.ac.at\/wp-content\/uploads\/2022\/01\/02_COLORS_MATTER_Sitz_Mansour_Colors_of_Motion_05-300x214.jpg 300w, https:\/\/zvsweb02.kunst.tuwien.ac.at\/wp-content\/uploads\/2022\/01\/02_COLORS_MATTER_Sitz_Mansour_Colors_of_Motion_05-600x428.jpg 600w, https:\/\/zvsweb02.kunst.tuwien.ac.at\/wp-content\/uploads\/2022\/01\/02_COLORS_MATTER_Sitz_Mansour_Colors_of_Motion_05-768x548.jpg 768w, https:\/\/zvsweb02.kunst.tuwien.ac.at\/wp-content\/uploads\/2022\/01\/02_COLORS_MATTER_Sitz_Mansour_Colors_of_Motion_05-1536x1096.jpg 1536w, https:\/\/zvsweb02.kunst.tuwien.ac.at\/wp-content\/uploads\/2022\/01\/02_COLORS_MATTER_Sitz_Mansour_Colors_of_Motion_05-2048x1462.jpg 2048w, https:\/\/zvsweb02.kunst.tuwien.ac.at\/wp-content\/uploads\/2022\/01\/02_COLORS_MATTER_Sitz_Mansour_Colors_of_Motion_05-500x357.jpg 500w, https:\/\/zvsweb02.kunst.tuwien.ac.at\/wp-content\/uploads\/2022\/01\/02_COLORS_MATTER_Sitz_Mansour_Colors_of_Motion_05-50x36.jpg 50w\" sizes=\"(max-width: 2560px) 100vw, 2560px\" \/><\/figure>\n\n\n\n<p><br><br><strong>DER HIMMEL \u00dcBER SCHWEDEN | Sportmittelschule SMS 10<br><\/strong>Anika Krenn + Katharina Stell<br><br>Die blau-gelbe Fassade der Sportmittelschule in der Wendstattgasse ist eine Hommage an den schwedischen Ministerpr\u00e4sidenten und Siedlungsgr\u00fcnder Per Albin Hansson. Der Grundgedanken, eine Art W\u00fcrdigung zu erschaffen ist nachvollziehbar. Muss dieser allerdings so plakativ sein? &#8211; Wir finden: nein.<br><br>Wie k\u00f6nnte man eine Hommage an Schweden besser gestalten als mit der Referenz zu zwei der spektakul\u00e4rsten und bekanntesten Naturph\u00e4nomene dieses Landes: Mitternachtssonne und Polarlichter. Mit der Zusammenstellung der Hauptfarben und einer weiteren Auswahl von abgemischten Farbnuancen wurde eine harmonische Palette geschaffen, die eine ausgewogene Gesamtkomposition erm\u00f6glicht. Dabei eignen sich die unges\u00e4ttigten T\u00f6ne gut als Basisfarben und die kr\u00e4ftigen Farbnuancen als Akzente. Durch den bewussten Einsatz von Farbe wird eine Atmosph\u00e4re geschaffen, die einladend ist und gleichzeitig die Neugier anregt.&nbsp;<br><\/p>\n\n\n\n<figure class=\"wp-block-gallery columns-1 is-cropped\"><ul class=\"blocks-gallery-grid\"><li class=\"blocks-gallery-item\"><figure><img loading=\"lazy\" width=\"2560\" height=\"1829\" src=\"https:\/\/zvsweb02.kunst.tuwien.ac.at\/wp-content\/uploads\/2022\/01\/03_COLORS_MATTER_Krenn_Stell_Der-Himmel-ueber-Schweden_01_Axonometrie-scaled.jpg\" alt=\"\" data-id=\"4250\" data-full-url=\"https:\/\/zvsweb02.kunst.tuwien.ac.at\/wp-content\/uploads\/2022\/01\/03_COLORS_MATTER_Krenn_Stell_Der-Himmel-ueber-Schweden_01_Axonometrie-scaled.jpg\" data-link=\"https:\/\/zvsweb02.kunst.tuwien.ac.at\/?attachment_id=4250\" class=\"wp-image-4250\" srcset=\"https:\/\/zvsweb02.kunst.tuwien.ac.at\/wp-content\/uploads\/2022\/01\/03_COLORS_MATTER_Krenn_Stell_Der-Himmel-ueber-Schweden_01_Axonometrie-scaled.jpg 2560w, https:\/\/zvsweb02.kunst.tuwien.ac.at\/wp-content\/uploads\/2022\/01\/03_COLORS_MATTER_Krenn_Stell_Der-Himmel-ueber-Schweden_01_Axonometrie-300x214.jpg 300w, https:\/\/zvsweb02.kunst.tuwien.ac.at\/wp-content\/uploads\/2022\/01\/03_COLORS_MATTER_Krenn_Stell_Der-Himmel-ueber-Schweden_01_Axonometrie-600x429.jpg 600w, https:\/\/zvsweb02.kunst.tuwien.ac.at\/wp-content\/uploads\/2022\/01\/03_COLORS_MATTER_Krenn_Stell_Der-Himmel-ueber-Schweden_01_Axonometrie-768x549.jpg 768w, https:\/\/zvsweb02.kunst.tuwien.ac.at\/wp-content\/uploads\/2022\/01\/03_COLORS_MATTER_Krenn_Stell_Der-Himmel-ueber-Schweden_01_Axonometrie-1536x1097.jpg 1536w, https:\/\/zvsweb02.kunst.tuwien.ac.at\/wp-content\/uploads\/2022\/01\/03_COLORS_MATTER_Krenn_Stell_Der-Himmel-ueber-Schweden_01_Axonometrie-2048x1463.jpg 2048w, https:\/\/zvsweb02.kunst.tuwien.ac.at\/wp-content\/uploads\/2022\/01\/03_COLORS_MATTER_Krenn_Stell_Der-Himmel-ueber-Schweden_01_Axonometrie-500x357.jpg 500w, https:\/\/zvsweb02.kunst.tuwien.ac.at\/wp-content\/uploads\/2022\/01\/03_COLORS_MATTER_Krenn_Stell_Der-Himmel-ueber-Schweden_01_Axonometrie-50x36.jpg 50w\" sizes=\"(max-width: 2560px) 100vw, 2560px\" \/><\/figure><\/li><li class=\"blocks-gallery-item\"><figure><img loading=\"lazy\" width=\"2560\" height=\"1829\" src=\"https:\/\/zvsweb02.kunst.tuwien.ac.at\/wp-content\/uploads\/2022\/01\/03_COLORS_MATTER_Krenn_Stell_Der-Himmel-ueber-Schweden_02_Foyer-scaled.jpg\" alt=\"\" data-id=\"4251\" data-full-url=\"https:\/\/zvsweb02.kunst.tuwien.ac.at\/wp-content\/uploads\/2022\/01\/03_COLORS_MATTER_Krenn_Stell_Der-Himmel-ueber-Schweden_02_Foyer-scaled.jpg\" data-link=\"https:\/\/zvsweb02.kunst.tuwien.ac.at\/?attachment_id=4251\" class=\"wp-image-4251\" srcset=\"https:\/\/zvsweb02.kunst.tuwien.ac.at\/wp-content\/uploads\/2022\/01\/03_COLORS_MATTER_Krenn_Stell_Der-Himmel-ueber-Schweden_02_Foyer-scaled.jpg 2560w, https:\/\/zvsweb02.kunst.tuwien.ac.at\/wp-content\/uploads\/2022\/01\/03_COLORS_MATTER_Krenn_Stell_Der-Himmel-ueber-Schweden_02_Foyer-300x214.jpg 300w, https:\/\/zvsweb02.kunst.tuwien.ac.at\/wp-content\/uploads\/2022\/01\/03_COLORS_MATTER_Krenn_Stell_Der-Himmel-ueber-Schweden_02_Foyer-600x429.jpg 600w, https:\/\/zvsweb02.kunst.tuwien.ac.at\/wp-content\/uploads\/2022\/01\/03_COLORS_MATTER_Krenn_Stell_Der-Himmel-ueber-Schweden_02_Foyer-768x549.jpg 768w, https:\/\/zvsweb02.kunst.tuwien.ac.at\/wp-content\/uploads\/2022\/01\/03_COLORS_MATTER_Krenn_Stell_Der-Himmel-ueber-Schweden_02_Foyer-1536x1097.jpg 1536w, https:\/\/zvsweb02.kunst.tuwien.ac.at\/wp-content\/uploads\/2022\/01\/03_COLORS_MATTER_Krenn_Stell_Der-Himmel-ueber-Schweden_02_Foyer-2048x1463.jpg 2048w, https:\/\/zvsweb02.kunst.tuwien.ac.at\/wp-content\/uploads\/2022\/01\/03_COLORS_MATTER_Krenn_Stell_Der-Himmel-ueber-Schweden_02_Foyer-500x357.jpg 500w, https:\/\/zvsweb02.kunst.tuwien.ac.at\/wp-content\/uploads\/2022\/01\/03_COLORS_MATTER_Krenn_Stell_Der-Himmel-ueber-Schweden_02_Foyer-50x36.jpg 50w\" sizes=\"(max-width: 2560px) 100vw, 2560px\" \/><\/figure><\/li><li class=\"blocks-gallery-item\"><figure><img loading=\"lazy\" width=\"2560\" height=\"1829\" src=\"https:\/\/zvsweb02.kunst.tuwien.ac.at\/wp-content\/uploads\/2022\/01\/03_COLORS_MATTER_Krenn_Stell_Der-Himmel-ueber-Schweden_03_Gang-scaled.jpg\" alt=\"\" data-id=\"4252\" data-full-url=\"https:\/\/zvsweb02.kunst.tuwien.ac.at\/wp-content\/uploads\/2022\/01\/03_COLORS_MATTER_Krenn_Stell_Der-Himmel-ueber-Schweden_03_Gang-scaled.jpg\" data-link=\"https:\/\/zvsweb02.kunst.tuwien.ac.at\/?attachment_id=4252\" class=\"wp-image-4252\" srcset=\"https:\/\/zvsweb02.kunst.tuwien.ac.at\/wp-content\/uploads\/2022\/01\/03_COLORS_MATTER_Krenn_Stell_Der-Himmel-ueber-Schweden_03_Gang-scaled.jpg 2560w, https:\/\/zvsweb02.kunst.tuwien.ac.at\/wp-content\/uploads\/2022\/01\/03_COLORS_MATTER_Krenn_Stell_Der-Himmel-ueber-Schweden_03_Gang-300x214.jpg 300w, https:\/\/zvsweb02.kunst.tuwien.ac.at\/wp-content\/uploads\/2022\/01\/03_COLORS_MATTER_Krenn_Stell_Der-Himmel-ueber-Schweden_03_Gang-600x429.jpg 600w, https:\/\/zvsweb02.kunst.tuwien.ac.at\/wp-content\/uploads\/2022\/01\/03_COLORS_MATTER_Krenn_Stell_Der-Himmel-ueber-Schweden_03_Gang-768x549.jpg 768w, https:\/\/zvsweb02.kunst.tuwien.ac.at\/wp-content\/uploads\/2022\/01\/03_COLORS_MATTER_Krenn_Stell_Der-Himmel-ueber-Schweden_03_Gang-1536x1097.jpg 1536w, https:\/\/zvsweb02.kunst.tuwien.ac.at\/wp-content\/uploads\/2022\/01\/03_COLORS_MATTER_Krenn_Stell_Der-Himmel-ueber-Schweden_03_Gang-2048x1463.jpg 2048w, https:\/\/zvsweb02.kunst.tuwien.ac.at\/wp-content\/uploads\/2022\/01\/03_COLORS_MATTER_Krenn_Stell_Der-Himmel-ueber-Schweden_03_Gang-500x357.jpg 500w, https:\/\/zvsweb02.kunst.tuwien.ac.at\/wp-content\/uploads\/2022\/01\/03_COLORS_MATTER_Krenn_Stell_Der-Himmel-ueber-Schweden_03_Gang-50x36.jpg 50w\" sizes=\"(max-width: 2560px) 100vw, 2560px\" \/><\/figure><\/li><li class=\"blocks-gallery-item\"><figure><img loading=\"lazy\" width=\"2560\" height=\"1829\" src=\"https:\/\/zvsweb02.kunst.tuwien.ac.at\/wp-content\/uploads\/2022\/01\/03_COLORS_MATTER_Krenn_Stell_Der-Himmel-ueber-Schweden_04_Treppenhaus-scaled.jpg\" alt=\"\" data-id=\"4253\" data-full-url=\"https:\/\/zvsweb02.kunst.tuwien.ac.at\/wp-content\/uploads\/2022\/01\/03_COLORS_MATTER_Krenn_Stell_Der-Himmel-ueber-Schweden_04_Treppenhaus-scaled.jpg\" data-link=\"https:\/\/zvsweb02.kunst.tuwien.ac.at\/?attachment_id=4253\" class=\"wp-image-4253\" srcset=\"https:\/\/zvsweb02.kunst.tuwien.ac.at\/wp-content\/uploads\/2022\/01\/03_COLORS_MATTER_Krenn_Stell_Der-Himmel-ueber-Schweden_04_Treppenhaus-scaled.jpg 2560w, https:\/\/zvsweb02.kunst.tuwien.ac.at\/wp-content\/uploads\/2022\/01\/03_COLORS_MATTER_Krenn_Stell_Der-Himmel-ueber-Schweden_04_Treppenhaus-300x214.jpg 300w, https:\/\/zvsweb02.kunst.tuwien.ac.at\/wp-content\/uploads\/2022\/01\/03_COLORS_MATTER_Krenn_Stell_Der-Himmel-ueber-Schweden_04_Treppenhaus-600x429.jpg 600w, https:\/\/zvsweb02.kunst.tuwien.ac.at\/wp-content\/uploads\/2022\/01\/03_COLORS_MATTER_Krenn_Stell_Der-Himmel-ueber-Schweden_04_Treppenhaus-768x549.jpg 768w, https:\/\/zvsweb02.kunst.tuwien.ac.at\/wp-content\/uploads\/2022\/01\/03_COLORS_MATTER_Krenn_Stell_Der-Himmel-ueber-Schweden_04_Treppenhaus-1536x1097.jpg 1536w, https:\/\/zvsweb02.kunst.tuwien.ac.at\/wp-content\/uploads\/2022\/01\/03_COLORS_MATTER_Krenn_Stell_Der-Himmel-ueber-Schweden_04_Treppenhaus-2048x1463.jpg 2048w, https:\/\/zvsweb02.kunst.tuwien.ac.at\/wp-content\/uploads\/2022\/01\/03_COLORS_MATTER_Krenn_Stell_Der-Himmel-ueber-Schweden_04_Treppenhaus-500x357.jpg 500w, https:\/\/zvsweb02.kunst.tuwien.ac.at\/wp-content\/uploads\/2022\/01\/03_COLORS_MATTER_Krenn_Stell_Der-Himmel-ueber-Schweden_04_Treppenhaus-50x36.jpg 50w\" sizes=\"(max-width: 2560px) 100vw, 2560px\" \/><\/figure><\/li><\/ul><\/figure>\n\n\n\n<p><br><br><\/p>\n\n\n\n<p><strong>KINDHEIT IN DER NATUR | Sportmittelschule SMS 10<br><\/strong>Tobias Figlm\u00fcller + A.K.<br><br>Dieses Farbkonzept spiegelt die Erlebnisse, Erinnerungen und Eindr\u00fccke wider, die Kinder in der Natur erleben. Die Natur selbst diente als Inspiration und f\u00fchrte zu einer Auswahl an unterschiedlichen nat\u00fcrlichen Farbt\u00f6nen.&nbsp;Je aktiver der jeweilige Bereich, desto mehr kr\u00e4ftige Orange- und Gelbt\u00f6ne werden dort verwendet. Gelangt man in die ruhigeren Bereiche, findet man haupts\u00e4chlich zur\u00fcckhaltende Blau- und Gr\u00fcnnuancen vor. Leitsysteme an der Wand sowie auch farbliche Zonierungen an Fu\u00dfboden, Decken und T\u00fcren helfen zus\u00e4tzlich, sich besser im Geb\u00e4ude zu orientieren.<br><br>Die M\u00f6blierung schafft Orte zum Spielen, Bewegen und Treffen, aber auch R\u00fcckzugsorte. Direkt erlebbar wird die Natur in den Klassenzimmern, sowie auch an der Au\u00dfenfassade in Form von Wandbegr\u00fcnungen.<br><\/p>\n\n\n\n<figure class=\"wp-block-gallery columns-1 is-cropped\"><ul class=\"blocks-gallery-grid\"><li class=\"blocks-gallery-item\"><figure><img loading=\"lazy\" width=\"2560\" height=\"1473\" src=\"https:\/\/zvsweb02.kunst.tuwien.ac.at\/wp-content\/uploads\/2022\/01\/04_COLORS_MATTER_Figlmueller_Kroo_Kindheit-in-der-Natur_01-scaled.jpg\" alt=\"\" data-id=\"4254\" data-full-url=\"https:\/\/zvsweb02.kunst.tuwien.ac.at\/wp-content\/uploads\/2022\/01\/04_COLORS_MATTER_Figlmueller_Kroo_Kindheit-in-der-Natur_01-scaled.jpg\" data-link=\"https:\/\/zvsweb02.kunst.tuwien.ac.at\/?attachment_id=4254\" class=\"wp-image-4254\" srcset=\"https:\/\/zvsweb02.kunst.tuwien.ac.at\/wp-content\/uploads\/2022\/01\/04_COLORS_MATTER_Figlmueller_Kroo_Kindheit-in-der-Natur_01-scaled.jpg 2560w, https:\/\/zvsweb02.kunst.tuwien.ac.at\/wp-content\/uploads\/2022\/01\/04_COLORS_MATTER_Figlmueller_Kroo_Kindheit-in-der-Natur_01-300x173.jpg 300w, https:\/\/zvsweb02.kunst.tuwien.ac.at\/wp-content\/uploads\/2022\/01\/04_COLORS_MATTER_Figlmueller_Kroo_Kindheit-in-der-Natur_01-600x345.jpg 600w, https:\/\/zvsweb02.kunst.tuwien.ac.at\/wp-content\/uploads\/2022\/01\/04_COLORS_MATTER_Figlmueller_Kroo_Kindheit-in-der-Natur_01-768x442.jpg 768w, https:\/\/zvsweb02.kunst.tuwien.ac.at\/wp-content\/uploads\/2022\/01\/04_COLORS_MATTER_Figlmueller_Kroo_Kindheit-in-der-Natur_01-1536x884.jpg 1536w, https:\/\/zvsweb02.kunst.tuwien.ac.at\/wp-content\/uploads\/2022\/01\/04_COLORS_MATTER_Figlmueller_Kroo_Kindheit-in-der-Natur_01-2048x1178.jpg 2048w, https:\/\/zvsweb02.kunst.tuwien.ac.at\/wp-content\/uploads\/2022\/01\/04_COLORS_MATTER_Figlmueller_Kroo_Kindheit-in-der-Natur_01-500x288.jpg 500w, https:\/\/zvsweb02.kunst.tuwien.ac.at\/wp-content\/uploads\/2022\/01\/04_COLORS_MATTER_Figlmueller_Kroo_Kindheit-in-der-Natur_01-50x29.jpg 50w\" sizes=\"(max-width: 2560px) 100vw, 2560px\" \/><\/figure><\/li><li class=\"blocks-gallery-item\"><figure><img loading=\"lazy\" width=\"2560\" height=\"1487\" src=\"https:\/\/zvsweb02.kunst.tuwien.ac.at\/wp-content\/uploads\/2022\/01\/04_COLORS_MATTER_Figlmueller_Kroo_Kindheit-in-der-Natur_02-scaled.jpg\" alt=\"\" data-id=\"4255\" data-full-url=\"https:\/\/zvsweb02.kunst.tuwien.ac.at\/wp-content\/uploads\/2022\/01\/04_COLORS_MATTER_Figlmueller_Kroo_Kindheit-in-der-Natur_02-scaled.jpg\" data-link=\"https:\/\/zvsweb02.kunst.tuwien.ac.at\/?attachment_id=4255\" class=\"wp-image-4255\" srcset=\"https:\/\/zvsweb02.kunst.tuwien.ac.at\/wp-content\/uploads\/2022\/01\/04_COLORS_MATTER_Figlmueller_Kroo_Kindheit-in-der-Natur_02-scaled.jpg 2560w, https:\/\/zvsweb02.kunst.tuwien.ac.at\/wp-content\/uploads\/2022\/01\/04_COLORS_MATTER_Figlmueller_Kroo_Kindheit-in-der-Natur_02-300x174.jpg 300w, https:\/\/zvsweb02.kunst.tuwien.ac.at\/wp-content\/uploads\/2022\/01\/04_COLORS_MATTER_Figlmueller_Kroo_Kindheit-in-der-Natur_02-600x349.jpg 600w, https:\/\/zvsweb02.kunst.tuwien.ac.at\/wp-content\/uploads\/2022\/01\/04_COLORS_MATTER_Figlmueller_Kroo_Kindheit-in-der-Natur_02-768x446.jpg 768w, https:\/\/zvsweb02.kunst.tuwien.ac.at\/wp-content\/uploads\/2022\/01\/04_COLORS_MATTER_Figlmueller_Kroo_Kindheit-in-der-Natur_02-1536x892.jpg 1536w, https:\/\/zvsweb02.kunst.tuwien.ac.at\/wp-content\/uploads\/2022\/01\/04_COLORS_MATTER_Figlmueller_Kroo_Kindheit-in-der-Natur_02-2048x1190.jpg 2048w, https:\/\/zvsweb02.kunst.tuwien.ac.at\/wp-content\/uploads\/2022\/01\/04_COLORS_MATTER_Figlmueller_Kroo_Kindheit-in-der-Natur_02-500x290.jpg 500w, https:\/\/zvsweb02.kunst.tuwien.ac.at\/wp-content\/uploads\/2022\/01\/04_COLORS_MATTER_Figlmueller_Kroo_Kindheit-in-der-Natur_02-50x29.jpg 50w\" sizes=\"(max-width: 2560px) 100vw, 2560px\" \/><\/figure><\/li><li class=\"blocks-gallery-item\"><figure><img loading=\"lazy\" width=\"2560\" height=\"1473\" src=\"https:\/\/zvsweb02.kunst.tuwien.ac.at\/wp-content\/uploads\/2022\/01\/04_COLORS_MATTER_Figlmueller_Kroo_Kindheit-in-der-Natur_03-scaled.jpg\" alt=\"\" data-id=\"4256\" data-full-url=\"https:\/\/zvsweb02.kunst.tuwien.ac.at\/wp-content\/uploads\/2022\/01\/04_COLORS_MATTER_Figlmueller_Kroo_Kindheit-in-der-Natur_03-scaled.jpg\" data-link=\"https:\/\/zvsweb02.kunst.tuwien.ac.at\/?attachment_id=4256\" class=\"wp-image-4256\" srcset=\"https:\/\/zvsweb02.kunst.tuwien.ac.at\/wp-content\/uploads\/2022\/01\/04_COLORS_MATTER_Figlmueller_Kroo_Kindheit-in-der-Natur_03-scaled.jpg 2560w, https:\/\/zvsweb02.kunst.tuwien.ac.at\/wp-content\/uploads\/2022\/01\/04_COLORS_MATTER_Figlmueller_Kroo_Kindheit-in-der-Natur_03-300x173.jpg 300w, https:\/\/zvsweb02.kunst.tuwien.ac.at\/wp-content\/uploads\/2022\/01\/04_COLORS_MATTER_Figlmueller_Kroo_Kindheit-in-der-Natur_03-600x345.jpg 600w, https:\/\/zvsweb02.kunst.tuwien.ac.at\/wp-content\/uploads\/2022\/01\/04_COLORS_MATTER_Figlmueller_Kroo_Kindheit-in-der-Natur_03-768x442.jpg 768w, https:\/\/zvsweb02.kunst.tuwien.ac.at\/wp-content\/uploads\/2022\/01\/04_COLORS_MATTER_Figlmueller_Kroo_Kindheit-in-der-Natur_03-1536x884.jpg 1536w, https:\/\/zvsweb02.kunst.tuwien.ac.at\/wp-content\/uploads\/2022\/01\/04_COLORS_MATTER_Figlmueller_Kroo_Kindheit-in-der-Natur_03-2048x1178.jpg 2048w, https:\/\/zvsweb02.kunst.tuwien.ac.at\/wp-content\/uploads\/2022\/01\/04_COLORS_MATTER_Figlmueller_Kroo_Kindheit-in-der-Natur_03-500x288.jpg 500w, https:\/\/zvsweb02.kunst.tuwien.ac.at\/wp-content\/uploads\/2022\/01\/04_COLORS_MATTER_Figlmueller_Kroo_Kindheit-in-der-Natur_03-50x29.jpg 50w\" sizes=\"(max-width: 2560px) 100vw, 2560px\" \/><\/figure><\/li><li class=\"blocks-gallery-item\"><figure><img loading=\"lazy\" width=\"2560\" height=\"1545\" src=\"https:\/\/zvsweb02.kunst.tuwien.ac.at\/wp-content\/uploads\/2022\/01\/04_COLORS_MATTER_Figlmueller_Kroo_Kindheit-in-der-Natur_04-scaled.jpg\" alt=\"\" data-id=\"4257\" data-full-url=\"https:\/\/zvsweb02.kunst.tuwien.ac.at\/wp-content\/uploads\/2022\/01\/04_COLORS_MATTER_Figlmueller_Kroo_Kindheit-in-der-Natur_04-scaled.jpg\" data-link=\"https:\/\/zvsweb02.kunst.tuwien.ac.at\/?attachment_id=4257\" class=\"wp-image-4257\" srcset=\"https:\/\/zvsweb02.kunst.tuwien.ac.at\/wp-content\/uploads\/2022\/01\/04_COLORS_MATTER_Figlmueller_Kroo_Kindheit-in-der-Natur_04-scaled.jpg 2560w, https:\/\/zvsweb02.kunst.tuwien.ac.at\/wp-content\/uploads\/2022\/01\/04_COLORS_MATTER_Figlmueller_Kroo_Kindheit-in-der-Natur_04-300x181.jpg 300w, https:\/\/zvsweb02.kunst.tuwien.ac.at\/wp-content\/uploads\/2022\/01\/04_COLORS_MATTER_Figlmueller_Kroo_Kindheit-in-der-Natur_04-600x362.jpg 600w, https:\/\/zvsweb02.kunst.tuwien.ac.at\/wp-content\/uploads\/2022\/01\/04_COLORS_MATTER_Figlmueller_Kroo_Kindheit-in-der-Natur_04-768x464.jpg 768w, https:\/\/zvsweb02.kunst.tuwien.ac.at\/wp-content\/uploads\/2022\/01\/04_COLORS_MATTER_Figlmueller_Kroo_Kindheit-in-der-Natur_04-1536x927.jpg 1536w, https:\/\/zvsweb02.kunst.tuwien.ac.at\/wp-content\/uploads\/2022\/01\/04_COLORS_MATTER_Figlmueller_Kroo_Kindheit-in-der-Natur_04-2048x1236.jpg 2048w, https:\/\/zvsweb02.kunst.tuwien.ac.at\/wp-content\/uploads\/2022\/01\/04_COLORS_MATTER_Figlmueller_Kroo_Kindheit-in-der-Natur_04-500x302.jpg 500w, https:\/\/zvsweb02.kunst.tuwien.ac.at\/wp-content\/uploads\/2022\/01\/04_COLORS_MATTER_Figlmueller_Kroo_Kindheit-in-der-Natur_04-50x30.jpg 50w\" sizes=\"(max-width: 2560px) 100vw, 2560px\" \/><\/figure><\/li><\/ul><\/figure>\n\n\n\n<p><br><br><strong>GOLDEN HOUR | Sportmittelschule SMS 10<br><\/strong>Omar Sair El Din + Florian Wegmann<br><br>\u201eFadheit kann gestrichen werden \u2026 mit Farbe.\u201c<br><br>Mittels Farbeinsatz und entsprechend gestalteten M\u00f6beln wird in der Sportmittelschule eine freundliche Atmosph\u00e4re geschaffen und gute Orientierung erm\u00f6glicht. Au\u00dferdem werden dadurch differenzierte Zonen gestaltet, die verschiedene Funktionen und Aktivit\u00e4ten unterst\u00fctzen und f\u00f6rdern.&nbsp;<br><br>Die Farbpalette ist inspiriert von der Stimmung, Atmosph\u00e4re und dem Farbspektrum schwedischer Seen bei Sonnenauf- und -untergang. Der franz\u00f6sische Maler Claude Monet, der in seinen impressionistischen Malereien diesch\u00f6ne Farbwirkung jener Goldenen Stunde eingefangen hat, dient als Referenz f\u00fcr unsere Farbpalette, aus der allen Nuancen entnommen sind.&nbsp;<br><br>Ausgehend von der gew\u00fcnschten Farbwirkung im Raum werden die einzelnen Farben in der Aula, den Stiegenh\u00e4usern, G\u00e4ngen, Klassenzimmern und Sanit\u00e4ranlagen eingesetzt, um ein abwechslungsreiches Ambiente zu schaffen, das den Sch\u00fcler:innen sowie den Lehrenden Wohlbefinden in ihrer t\u00e4glichen Arbeitsumgebung schenkt.<br><br>\u201eIch schaffe keine Wunder, ich verwende nur viel Farbe.\u201c\u2013 Claude Monet<br><\/p>\n\n\n\n<figure class=\"wp-block-gallery columns-1 is-cropped\"><ul class=\"blocks-gallery-grid\"><li class=\"blocks-gallery-item\"><figure><img loading=\"lazy\" width=\"2560\" height=\"2282\" src=\"https:\/\/zvsweb02.kunst.tuwien.ac.at\/wp-content\/uploads\/2022\/01\/05_COLORS_MATTER_Wegmann_Saif-EL-Din_Golden-Hours_01_Axo-scaled.jpg\" alt=\"\" data-id=\"4258\" data-full-url=\"https:\/\/zvsweb02.kunst.tuwien.ac.at\/wp-content\/uploads\/2022\/01\/05_COLORS_MATTER_Wegmann_Saif-EL-Din_Golden-Hours_01_Axo-scaled.jpg\" data-link=\"https:\/\/zvsweb02.kunst.tuwien.ac.at\/?attachment_id=4258\" class=\"wp-image-4258\" srcset=\"https:\/\/zvsweb02.kunst.tuwien.ac.at\/wp-content\/uploads\/2022\/01\/05_COLORS_MATTER_Wegmann_Saif-EL-Din_Golden-Hours_01_Axo-scaled.jpg 2560w, https:\/\/zvsweb02.kunst.tuwien.ac.at\/wp-content\/uploads\/2022\/01\/05_COLORS_MATTER_Wegmann_Saif-EL-Din_Golden-Hours_01_Axo-300x267.jpg 300w, https:\/\/zvsweb02.kunst.tuwien.ac.at\/wp-content\/uploads\/2022\/01\/05_COLORS_MATTER_Wegmann_Saif-EL-Din_Golden-Hours_01_Axo-600x535.jpg 600w, https:\/\/zvsweb02.kunst.tuwien.ac.at\/wp-content\/uploads\/2022\/01\/05_COLORS_MATTER_Wegmann_Saif-EL-Din_Golden-Hours_01_Axo-768x684.jpg 768w, https:\/\/zvsweb02.kunst.tuwien.ac.at\/wp-content\/uploads\/2022\/01\/05_COLORS_MATTER_Wegmann_Saif-EL-Din_Golden-Hours_01_Axo-1536x1369.jpg 1536w, https:\/\/zvsweb02.kunst.tuwien.ac.at\/wp-content\/uploads\/2022\/01\/05_COLORS_MATTER_Wegmann_Saif-EL-Din_Golden-Hours_01_Axo-2048x1825.jpg 2048w, https:\/\/zvsweb02.kunst.tuwien.ac.at\/wp-content\/uploads\/2022\/01\/05_COLORS_MATTER_Wegmann_Saif-EL-Din_Golden-Hours_01_Axo-500x446.jpg 500w, https:\/\/zvsweb02.kunst.tuwien.ac.at\/wp-content\/uploads\/2022\/01\/05_COLORS_MATTER_Wegmann_Saif-EL-Din_Golden-Hours_01_Axo-50x45.jpg 50w\" sizes=\"(max-width: 2560px) 100vw, 2560px\" \/><\/figure><\/li><li class=\"blocks-gallery-item\"><figure><img loading=\"lazy\" width=\"2560\" height=\"2085\" src=\"https:\/\/zvsweb02.kunst.tuwien.ac.at\/wp-content\/uploads\/2022\/01\/05_COLORS_MATTER_Wegmann_Saif-el-din_Golden-Hours_02_Aula-scaled.jpg\" alt=\"\" data-id=\"4259\" data-full-url=\"https:\/\/zvsweb02.kunst.tuwien.ac.at\/wp-content\/uploads\/2022\/01\/05_COLORS_MATTER_Wegmann_Saif-el-din_Golden-Hours_02_Aula-scaled.jpg\" data-link=\"https:\/\/zvsweb02.kunst.tuwien.ac.at\/?attachment_id=4259\" class=\"wp-image-4259\" srcset=\"https:\/\/zvsweb02.kunst.tuwien.ac.at\/wp-content\/uploads\/2022\/01\/05_COLORS_MATTER_Wegmann_Saif-el-din_Golden-Hours_02_Aula-scaled.jpg 2560w, https:\/\/zvsweb02.kunst.tuwien.ac.at\/wp-content\/uploads\/2022\/01\/05_COLORS_MATTER_Wegmann_Saif-el-din_Golden-Hours_02_Aula-300x244.jpg 300w, https:\/\/zvsweb02.kunst.tuwien.ac.at\/wp-content\/uploads\/2022\/01\/05_COLORS_MATTER_Wegmann_Saif-el-din_Golden-Hours_02_Aula-600x489.jpg 600w, https:\/\/zvsweb02.kunst.tuwien.ac.at\/wp-content\/uploads\/2022\/01\/05_COLORS_MATTER_Wegmann_Saif-el-din_Golden-Hours_02_Aula-768x625.jpg 768w, https:\/\/zvsweb02.kunst.tuwien.ac.at\/wp-content\/uploads\/2022\/01\/05_COLORS_MATTER_Wegmann_Saif-el-din_Golden-Hours_02_Aula-1536x1251.jpg 1536w, https:\/\/zvsweb02.kunst.tuwien.ac.at\/wp-content\/uploads\/2022\/01\/05_COLORS_MATTER_Wegmann_Saif-el-din_Golden-Hours_02_Aula-2048x1668.jpg 2048w, https:\/\/zvsweb02.kunst.tuwien.ac.at\/wp-content\/uploads\/2022\/01\/05_COLORS_MATTER_Wegmann_Saif-el-din_Golden-Hours_02_Aula-500x407.jpg 500w, https:\/\/zvsweb02.kunst.tuwien.ac.at\/wp-content\/uploads\/2022\/01\/05_COLORS_MATTER_Wegmann_Saif-el-din_Golden-Hours_02_Aula-50x41.jpg 50w\" sizes=\"(max-width: 2560px) 100vw, 2560px\" \/><\/figure><\/li><li class=\"blocks-gallery-item\"><figure><img loading=\"lazy\" width=\"1707\" height=\"2560\" src=\"https:\/\/zvsweb02.kunst.tuwien.ac.at\/wp-content\/uploads\/2022\/01\/05_COLORS_MATTER_Wegmann_Saif-EL-Din_Golden-Hours_03_Gang-scaled.jpg\" alt=\"\" data-id=\"4260\" data-full-url=\"https:\/\/zvsweb02.kunst.tuwien.ac.at\/wp-content\/uploads\/2022\/01\/05_COLORS_MATTER_Wegmann_Saif-EL-Din_Golden-Hours_03_Gang-scaled.jpg\" data-link=\"https:\/\/zvsweb02.kunst.tuwien.ac.at\/?attachment_id=4260\" class=\"wp-image-4260\" srcset=\"https:\/\/zvsweb02.kunst.tuwien.ac.at\/wp-content\/uploads\/2022\/01\/05_COLORS_MATTER_Wegmann_Saif-EL-Din_Golden-Hours_03_Gang-scaled.jpg 1707w, https:\/\/zvsweb02.kunst.tuwien.ac.at\/wp-content\/uploads\/2022\/01\/05_COLORS_MATTER_Wegmann_Saif-EL-Din_Golden-Hours_03_Gang-200x300.jpg 200w, https:\/\/zvsweb02.kunst.tuwien.ac.at\/wp-content\/uploads\/2022\/01\/05_COLORS_MATTER_Wegmann_Saif-EL-Din_Golden-Hours_03_Gang-400x600.jpg 400w, https:\/\/zvsweb02.kunst.tuwien.ac.at\/wp-content\/uploads\/2022\/01\/05_COLORS_MATTER_Wegmann_Saif-EL-Din_Golden-Hours_03_Gang-768x1152.jpg 768w, https:\/\/zvsweb02.kunst.tuwien.ac.at\/wp-content\/uploads\/2022\/01\/05_COLORS_MATTER_Wegmann_Saif-EL-Din_Golden-Hours_03_Gang-1024x1536.jpg 1024w, https:\/\/zvsweb02.kunst.tuwien.ac.at\/wp-content\/uploads\/2022\/01\/05_COLORS_MATTER_Wegmann_Saif-EL-Din_Golden-Hours_03_Gang-1365x2048.jpg 1365w, https:\/\/zvsweb02.kunst.tuwien.ac.at\/wp-content\/uploads\/2022\/01\/05_COLORS_MATTER_Wegmann_Saif-EL-Din_Golden-Hours_03_Gang-333x500.jpg 333w, https:\/\/zvsweb02.kunst.tuwien.ac.at\/wp-content\/uploads\/2022\/01\/05_COLORS_MATTER_Wegmann_Saif-EL-Din_Golden-Hours_03_Gang-33x50.jpg 33w\" sizes=\"(max-width: 1707px) 100vw, 1707px\" \/><\/figure><\/li><li class=\"blocks-gallery-item\"><figure><img loading=\"lazy\" width=\"600\" height=\"400\" src=\"https:\/\/zvsweb02.kunst.tuwien.ac.at\/wp-content\/uploads\/2022\/01\/05_COLORS_MATTER_Wegmann_Saif-EL-Din_Golden-Hours_04_Stiegenhaus-600x400.jpg\" alt=\"\" data-id=\"4261\" data-full-url=\"https:\/\/zvsweb02.kunst.tuwien.ac.at\/wp-content\/uploads\/2022\/01\/05_COLORS_MATTER_Wegmann_Saif-EL-Din_Golden-Hours_04_Stiegenhaus-scaled.jpg\" data-link=\"https:\/\/zvsweb02.kunst.tuwien.ac.at\/?attachment_id=4261\" class=\"wp-image-4261\" srcset=\"https:\/\/zvsweb02.kunst.tuwien.ac.at\/wp-content\/uploads\/2022\/01\/05_COLORS_MATTER_Wegmann_Saif-EL-Din_Golden-Hours_04_Stiegenhaus-600x400.jpg 600w, https:\/\/zvsweb02.kunst.tuwien.ac.at\/wp-content\/uploads\/2022\/01\/05_COLORS_MATTER_Wegmann_Saif-EL-Din_Golden-Hours_04_Stiegenhaus-300x200.jpg 300w, https:\/\/zvsweb02.kunst.tuwien.ac.at\/wp-content\/uploads\/2022\/01\/05_COLORS_MATTER_Wegmann_Saif-EL-Din_Golden-Hours_04_Stiegenhaus-768x512.jpg 768w, https:\/\/zvsweb02.kunst.tuwien.ac.at\/wp-content\/uploads\/2022\/01\/05_COLORS_MATTER_Wegmann_Saif-EL-Din_Golden-Hours_04_Stiegenhaus-1536x1024.jpg 1536w, https:\/\/zvsweb02.kunst.tuwien.ac.at\/wp-content\/uploads\/2022\/01\/05_COLORS_MATTER_Wegmann_Saif-EL-Din_Golden-Hours_04_Stiegenhaus-2048x1365.jpg 2048w, https:\/\/zvsweb02.kunst.tuwien.ac.at\/wp-content\/uploads\/2022\/01\/05_COLORS_MATTER_Wegmann_Saif-EL-Din_Golden-Hours_04_Stiegenhaus-500x333.jpg 500w, https:\/\/zvsweb02.kunst.tuwien.ac.at\/wp-content\/uploads\/2022\/01\/05_COLORS_MATTER_Wegmann_Saif-EL-Din_Golden-Hours_04_Stiegenhaus-50x33.jpg 50w\" sizes=\"(max-width: 600px) 100vw, 600px\" \/><\/figure><\/li><\/ul><\/figure>\n\n\n\n<p><br><br><strong>ORT DER VORFREUDE | Volksschule WENDI<br><\/strong>Leonie Preiss + Lea Storz&nbsp;<br><br>Eine Schule sollte ein Ort der W\u00e4rme und Gemeinschaft sein, an dem morgens jede*r Sch\u00fcler*in mit Vorfreude empfangen wird! Das Wort Vorfreude bildet den Ausgangspunkt, sowie das Ziel unseres Farbkonzepts f\u00fcr die Bilinguale Volksschule WENDI. Als Grundlage daf\u00fcr f\u00fchrten wir eine Befragung von Sch\u00fcler*innen bez\u00fcglich ihrer Farbassoziationen zu verschiedenen Emotionen durch.<br><br>Jeder Funktionsbereich ist mit einer eigenen Farbe gestaltet. Zwei warme Farben pr\u00e4gen die gemeinschaftlichen R\u00e4ume. Die Aula betritt man wie auf einem roten Teppich, der alle willkommen hei\u00dft.Zwei kalte Farben gestalten die R\u00e4ume der Bewegung und Konzentration. Die Klassenzimmer in Lila-Nuancen gehalten und haben die geringsten Farbmenge, um eine ruhige und konzentrierte Lernatmosph\u00e4re zu schaffen, die dann durch die Farben, die die Sch\u00fcler*innen in den Raum bringen, zum Leben erweckt wird!<br><\/p>\n\n\n\n<figure class=\"wp-block-gallery columns-1 is-cropped\"><ul class=\"blocks-gallery-grid\"><li class=\"blocks-gallery-item\"><figure><img loading=\"lazy\" width=\"2560\" height=\"1810\" src=\"https:\/\/zvsweb02.kunst.tuwien.ac.at\/wp-content\/uploads\/2022\/01\/06_COLORS_MATTER_Storz_Preiss_Ort-der-Vorfreude_01-scaled.jpg\" alt=\"\" data-id=\"4267\" data-full-url=\"https:\/\/zvsweb02.kunst.tuwien.ac.at\/wp-content\/uploads\/2022\/01\/06_COLORS_MATTER_Storz_Preiss_Ort-der-Vorfreude_01-scaled.jpg\" data-link=\"https:\/\/zvsweb02.kunst.tuwien.ac.at\/?attachment_id=4267\" class=\"wp-image-4267\" srcset=\"https:\/\/zvsweb02.kunst.tuwien.ac.at\/wp-content\/uploads\/2022\/01\/06_COLORS_MATTER_Storz_Preiss_Ort-der-Vorfreude_01-scaled.jpg 2560w, https:\/\/zvsweb02.kunst.tuwien.ac.at\/wp-content\/uploads\/2022\/01\/06_COLORS_MATTER_Storz_Preiss_Ort-der-Vorfreude_01-300x212.jpg 300w, https:\/\/zvsweb02.kunst.tuwien.ac.at\/wp-content\/uploads\/2022\/01\/06_COLORS_MATTER_Storz_Preiss_Ort-der-Vorfreude_01-600x424.jpg 600w, https:\/\/zvsweb02.kunst.tuwien.ac.at\/wp-content\/uploads\/2022\/01\/06_COLORS_MATTER_Storz_Preiss_Ort-der-Vorfreude_01-768x543.jpg 768w, https:\/\/zvsweb02.kunst.tuwien.ac.at\/wp-content\/uploads\/2022\/01\/06_COLORS_MATTER_Storz_Preiss_Ort-der-Vorfreude_01-1536x1086.jpg 1536w, https:\/\/zvsweb02.kunst.tuwien.ac.at\/wp-content\/uploads\/2022\/01\/06_COLORS_MATTER_Storz_Preiss_Ort-der-Vorfreude_01-2048x1448.jpg 2048w, https:\/\/zvsweb02.kunst.tuwien.ac.at\/wp-content\/uploads\/2022\/01\/06_COLORS_MATTER_Storz_Preiss_Ort-der-Vorfreude_01-500x354.jpg 500w, https:\/\/zvsweb02.kunst.tuwien.ac.at\/wp-content\/uploads\/2022\/01\/06_COLORS_MATTER_Storz_Preiss_Ort-der-Vorfreude_01-50x35.jpg 50w\" sizes=\"(max-width: 2560px) 100vw, 2560px\" \/><\/figure><\/li><li class=\"blocks-gallery-item\"><figure><img loading=\"lazy\" width=\"2560\" height=\"1810\" src=\"https:\/\/zvsweb02.kunst.tuwien.ac.at\/wp-content\/uploads\/2022\/01\/06_COLORS_MATTER_Storz_Preiss_Ort-der-Vorfreude_02-scaled.jpg\" alt=\"\" data-id=\"4268\" data-full-url=\"https:\/\/zvsweb02.kunst.tuwien.ac.at\/wp-content\/uploads\/2022\/01\/06_COLORS_MATTER_Storz_Preiss_Ort-der-Vorfreude_02-scaled.jpg\" data-link=\"https:\/\/zvsweb02.kunst.tuwien.ac.at\/?attachment_id=4268\" class=\"wp-image-4268\" srcset=\"https:\/\/zvsweb02.kunst.tuwien.ac.at\/wp-content\/uploads\/2022\/01\/06_COLORS_MATTER_Storz_Preiss_Ort-der-Vorfreude_02-scaled.jpg 2560w, https:\/\/zvsweb02.kunst.tuwien.ac.at\/wp-content\/uploads\/2022\/01\/06_COLORS_MATTER_Storz_Preiss_Ort-der-Vorfreude_02-300x212.jpg 300w, https:\/\/zvsweb02.kunst.tuwien.ac.at\/wp-content\/uploads\/2022\/01\/06_COLORS_MATTER_Storz_Preiss_Ort-der-Vorfreude_02-600x424.jpg 600w, https:\/\/zvsweb02.kunst.tuwien.ac.at\/wp-content\/uploads\/2022\/01\/06_COLORS_MATTER_Storz_Preiss_Ort-der-Vorfreude_02-768x543.jpg 768w, https:\/\/zvsweb02.kunst.tuwien.ac.at\/wp-content\/uploads\/2022\/01\/06_COLORS_MATTER_Storz_Preiss_Ort-der-Vorfreude_02-1536x1086.jpg 1536w, https:\/\/zvsweb02.kunst.tuwien.ac.at\/wp-content\/uploads\/2022\/01\/06_COLORS_MATTER_Storz_Preiss_Ort-der-Vorfreude_02-2048x1448.jpg 2048w, https:\/\/zvsweb02.kunst.tuwien.ac.at\/wp-content\/uploads\/2022\/01\/06_COLORS_MATTER_Storz_Preiss_Ort-der-Vorfreude_02-500x354.jpg 500w, https:\/\/zvsweb02.kunst.tuwien.ac.at\/wp-content\/uploads\/2022\/01\/06_COLORS_MATTER_Storz_Preiss_Ort-der-Vorfreude_02-50x35.jpg 50w\" sizes=\"(max-width: 2560px) 100vw, 2560px\" \/><\/figure><\/li><li class=\"blocks-gallery-item\"><figure><img loading=\"lazy\" width=\"2560\" height=\"1810\" src=\"https:\/\/zvsweb02.kunst.tuwien.ac.at\/wp-content\/uploads\/2022\/01\/06_COLORS_MATTER_Storz_Preiss_Ort-der-Vorfreude_03-scaled.jpg\" alt=\"\" data-id=\"4269\" data-full-url=\"https:\/\/zvsweb02.kunst.tuwien.ac.at\/wp-content\/uploads\/2022\/01\/06_COLORS_MATTER_Storz_Preiss_Ort-der-Vorfreude_03-scaled.jpg\" data-link=\"https:\/\/zvsweb02.kunst.tuwien.ac.at\/?attachment_id=4269\" class=\"wp-image-4269\" srcset=\"https:\/\/zvsweb02.kunst.tuwien.ac.at\/wp-content\/uploads\/2022\/01\/06_COLORS_MATTER_Storz_Preiss_Ort-der-Vorfreude_03-scaled.jpg 2560w, https:\/\/zvsweb02.kunst.tuwien.ac.at\/wp-content\/uploads\/2022\/01\/06_COLORS_MATTER_Storz_Preiss_Ort-der-Vorfreude_03-300x212.jpg 300w, https:\/\/zvsweb02.kunst.tuwien.ac.at\/wp-content\/uploads\/2022\/01\/06_COLORS_MATTER_Storz_Preiss_Ort-der-Vorfreude_03-600x424.jpg 600w, https:\/\/zvsweb02.kunst.tuwien.ac.at\/wp-content\/uploads\/2022\/01\/06_COLORS_MATTER_Storz_Preiss_Ort-der-Vorfreude_03-768x543.jpg 768w, https:\/\/zvsweb02.kunst.tuwien.ac.at\/wp-content\/uploads\/2022\/01\/06_COLORS_MATTER_Storz_Preiss_Ort-der-Vorfreude_03-1536x1086.jpg 1536w, https:\/\/zvsweb02.kunst.tuwien.ac.at\/wp-content\/uploads\/2022\/01\/06_COLORS_MATTER_Storz_Preiss_Ort-der-Vorfreude_03-2048x1448.jpg 2048w, https:\/\/zvsweb02.kunst.tuwien.ac.at\/wp-content\/uploads\/2022\/01\/06_COLORS_MATTER_Storz_Preiss_Ort-der-Vorfreude_03-500x354.jpg 500w, https:\/\/zvsweb02.kunst.tuwien.ac.at\/wp-content\/uploads\/2022\/01\/06_COLORS_MATTER_Storz_Preiss_Ort-der-Vorfreude_03-50x35.jpg 50w\" sizes=\"(max-width: 2560px) 100vw, 2560px\" \/><\/figure><\/li><li class=\"blocks-gallery-item\"><figure><img loading=\"lazy\" width=\"2560\" height=\"1810\" src=\"https:\/\/zvsweb02.kunst.tuwien.ac.at\/wp-content\/uploads\/2022\/01\/06_COLORS_MATTER_Storz_Preiss_Ort-der-Vorfreude_04-scaled.jpg\" alt=\"\" data-id=\"4270\" data-full-url=\"https:\/\/zvsweb02.kunst.tuwien.ac.at\/wp-content\/uploads\/2022\/01\/06_COLORS_MATTER_Storz_Preiss_Ort-der-Vorfreude_04-scaled.jpg\" data-link=\"https:\/\/zvsweb02.kunst.tuwien.ac.at\/?attachment_id=4270\" class=\"wp-image-4270\" srcset=\"https:\/\/zvsweb02.kunst.tuwien.ac.at\/wp-content\/uploads\/2022\/01\/06_COLORS_MATTER_Storz_Preiss_Ort-der-Vorfreude_04-scaled.jpg 2560w, https:\/\/zvsweb02.kunst.tuwien.ac.at\/wp-content\/uploads\/2022\/01\/06_COLORS_MATTER_Storz_Preiss_Ort-der-Vorfreude_04-300x212.jpg 300w, https:\/\/zvsweb02.kunst.tuwien.ac.at\/wp-content\/uploads\/2022\/01\/06_COLORS_MATTER_Storz_Preiss_Ort-der-Vorfreude_04-600x424.jpg 600w, https:\/\/zvsweb02.kunst.tuwien.ac.at\/wp-content\/uploads\/2022\/01\/06_COLORS_MATTER_Storz_Preiss_Ort-der-Vorfreude_04-768x543.jpg 768w, https:\/\/zvsweb02.kunst.tuwien.ac.at\/wp-content\/uploads\/2022\/01\/06_COLORS_MATTER_Storz_Preiss_Ort-der-Vorfreude_04-1536x1086.jpg 1536w, https:\/\/zvsweb02.kunst.tuwien.ac.at\/wp-content\/uploads\/2022\/01\/06_COLORS_MATTER_Storz_Preiss_Ort-der-Vorfreude_04-2048x1448.jpg 2048w, https:\/\/zvsweb02.kunst.tuwien.ac.at\/wp-content\/uploads\/2022\/01\/06_COLORS_MATTER_Storz_Preiss_Ort-der-Vorfreude_04-500x354.jpg 500w, https:\/\/zvsweb02.kunst.tuwien.ac.at\/wp-content\/uploads\/2022\/01\/06_COLORS_MATTER_Storz_Preiss_Ort-der-Vorfreude_04-50x35.jpg 50w\" sizes=\"(max-width: 2560px) 100vw, 2560px\" \/><\/figure><\/li><li class=\"blocks-gallery-item\"><figure><img loading=\"lazy\" width=\"2560\" height=\"1810\" src=\"https:\/\/zvsweb02.kunst.tuwien.ac.at\/wp-content\/uploads\/2022\/01\/06_COLORS_MATTER_Storz_Preiss_Ort-der-Vorfreude_05-scaled.jpg\" alt=\"\" data-id=\"4271\" data-full-url=\"https:\/\/zvsweb02.kunst.tuwien.ac.at\/wp-content\/uploads\/2022\/01\/06_COLORS_MATTER_Storz_Preiss_Ort-der-Vorfreude_05-scaled.jpg\" data-link=\"https:\/\/zvsweb02.kunst.tuwien.ac.at\/?attachment_id=4271\" class=\"wp-image-4271\" srcset=\"https:\/\/zvsweb02.kunst.tuwien.ac.at\/wp-content\/uploads\/2022\/01\/06_COLORS_MATTER_Storz_Preiss_Ort-der-Vorfreude_05-scaled.jpg 2560w, https:\/\/zvsweb02.kunst.tuwien.ac.at\/wp-content\/uploads\/2022\/01\/06_COLORS_MATTER_Storz_Preiss_Ort-der-Vorfreude_05-300x212.jpg 300w, https:\/\/zvsweb02.kunst.tuwien.ac.at\/wp-content\/uploads\/2022\/01\/06_COLORS_MATTER_Storz_Preiss_Ort-der-Vorfreude_05-600x424.jpg 600w, https:\/\/zvsweb02.kunst.tuwien.ac.at\/wp-content\/uploads\/2022\/01\/06_COLORS_MATTER_Storz_Preiss_Ort-der-Vorfreude_05-768x543.jpg 768w, https:\/\/zvsweb02.kunst.tuwien.ac.at\/wp-content\/uploads\/2022\/01\/06_COLORS_MATTER_Storz_Preiss_Ort-der-Vorfreude_05-1536x1086.jpg 1536w, https:\/\/zvsweb02.kunst.tuwien.ac.at\/wp-content\/uploads\/2022\/01\/06_COLORS_MATTER_Storz_Preiss_Ort-der-Vorfreude_05-2048x1448.jpg 2048w, https:\/\/zvsweb02.kunst.tuwien.ac.at\/wp-content\/uploads\/2022\/01\/06_COLORS_MATTER_Storz_Preiss_Ort-der-Vorfreude_05-500x354.jpg 500w, https:\/\/zvsweb02.kunst.tuwien.ac.at\/wp-content\/uploads\/2022\/01\/06_COLORS_MATTER_Storz_Preiss_Ort-der-Vorfreude_05-50x35.jpg 50w\" sizes=\"(max-width: 2560px) 100vw, 2560px\" \/><\/figure><\/li><\/ul><\/figure>\n\n\n\n<p><br><br><strong>TRAUMWELTEN | Volksschule WENDI<br><\/strong>Christina Haslauer + Stefanie Strohmaier<br><br>Kinder schaffen sich oft ihre eigenen Traumwelten, die perfekt auf sie zugeschnitten sind. Wo ihnen alle M\u00f6glichkeiten offenstehen, wo sie sich zur\u00fcckziehen k\u00f6nnen, wo sie sich entspannen, aber auch austoben k\u00f6nnen.<br>&nbsp;<br>In diesem Sinne wurden f\u00fcr die wichtigsten Bereiche der Volksschule WENDI Traumwelten mit zugeh\u00f6rigen Farb- und Materialkonzepten erstellt. Die Aula wird zur Ringelblumenwiese, die Wiedererkennungswert&nbsp;schafft. Die besonderen Gangbereiche vor den Klassen, werden zum Himmelreich umgestaltet. Dieses l\u00e4dt zu verschiedenste Nutzungen ein: der Unterricht kann ausgeweitet werden, Kinder k\u00f6nnen sich zur\u00fcckziehen, kreativ sein oder die Pause hier verbringen. Die Klassen selbst werden durch das Thema des Zauberwaldes zu R\u00e4umen, die erden, wo man sich wohlf\u00fchlt und sich gut konzentrieren kann.<\/p>\n\n\n\n<figure class=\"wp-block-gallery columns-1 is-cropped\"><ul class=\"blocks-gallery-grid\"><li class=\"blocks-gallery-item\"><figure><img loading=\"lazy\" width=\"600\" height=\"424\" src=\"https:\/\/zvsweb02.kunst.tuwien.ac.at\/wp-content\/uploads\/2022\/01\/07_COLORS_MATTER_Haslauer_Strohmaier_Traumwelten_00_Referenzbilder-600x424.jpg\" alt=\"\" data-id=\"4262\" data-full-url=\"https:\/\/zvsweb02.kunst.tuwien.ac.at\/wp-content\/uploads\/2022\/01\/07_COLORS_MATTER_Haslauer_Strohmaier_Traumwelten_00_Referenzbilder-scaled.jpg\" data-link=\"https:\/\/zvsweb02.kunst.tuwien.ac.at\/?attachment_id=4262\" class=\"wp-image-4262\" srcset=\"https:\/\/zvsweb02.kunst.tuwien.ac.at\/wp-content\/uploads\/2022\/01\/07_COLORS_MATTER_Haslauer_Strohmaier_Traumwelten_00_Referenzbilder-600x424.jpg 600w, https:\/\/zvsweb02.kunst.tuwien.ac.at\/wp-content\/uploads\/2022\/01\/07_COLORS_MATTER_Haslauer_Strohmaier_Traumwelten_00_Referenzbilder-300x212.jpg 300w, https:\/\/zvsweb02.kunst.tuwien.ac.at\/wp-content\/uploads\/2022\/01\/07_COLORS_MATTER_Haslauer_Strohmaier_Traumwelten_00_Referenzbilder-768x543.jpg 768w, https:\/\/zvsweb02.kunst.tuwien.ac.at\/wp-content\/uploads\/2022\/01\/07_COLORS_MATTER_Haslauer_Strohmaier_Traumwelten_00_Referenzbilder-1536x1086.jpg 1536w, https:\/\/zvsweb02.kunst.tuwien.ac.at\/wp-content\/uploads\/2022\/01\/07_COLORS_MATTER_Haslauer_Strohmaier_Traumwelten_00_Referenzbilder-2048x1448.jpg 2048w, https:\/\/zvsweb02.kunst.tuwien.ac.at\/wp-content\/uploads\/2022\/01\/07_COLORS_MATTER_Haslauer_Strohmaier_Traumwelten_00_Referenzbilder-500x354.jpg 500w, https:\/\/zvsweb02.kunst.tuwien.ac.at\/wp-content\/uploads\/2022\/01\/07_COLORS_MATTER_Haslauer_Strohmaier_Traumwelten_00_Referenzbilder-50x35.jpg 50w\" sizes=\"(max-width: 600px) 100vw, 600px\" \/><\/figure><\/li><li class=\"blocks-gallery-item\"><figure><img loading=\"lazy\" width=\"600\" height=\"424\" src=\"https:\/\/zvsweb02.kunst.tuwien.ac.at\/wp-content\/uploads\/2022\/01\/07_COLORS_MATTER_Haslauer_Strohmaier_Traumwelten_01_Farbpalette-600x424.jpg\" alt=\"\" data-id=\"4263\" data-full-url=\"https:\/\/zvsweb02.kunst.tuwien.ac.at\/wp-content\/uploads\/2022\/01\/07_COLORS_MATTER_Haslauer_Strohmaier_Traumwelten_01_Farbpalette-scaled.jpg\" data-link=\"https:\/\/zvsweb02.kunst.tuwien.ac.at\/?attachment_id=4263\" class=\"wp-image-4263\" srcset=\"https:\/\/zvsweb02.kunst.tuwien.ac.at\/wp-content\/uploads\/2022\/01\/07_COLORS_MATTER_Haslauer_Strohmaier_Traumwelten_01_Farbpalette-600x424.jpg 600w, https:\/\/zvsweb02.kunst.tuwien.ac.at\/wp-content\/uploads\/2022\/01\/07_COLORS_MATTER_Haslauer_Strohmaier_Traumwelten_01_Farbpalette-300x212.jpg 300w, https:\/\/zvsweb02.kunst.tuwien.ac.at\/wp-content\/uploads\/2022\/01\/07_COLORS_MATTER_Haslauer_Strohmaier_Traumwelten_01_Farbpalette-768x543.jpg 768w, https:\/\/zvsweb02.kunst.tuwien.ac.at\/wp-content\/uploads\/2022\/01\/07_COLORS_MATTER_Haslauer_Strohmaier_Traumwelten_01_Farbpalette-1536x1086.jpg 1536w, https:\/\/zvsweb02.kunst.tuwien.ac.at\/wp-content\/uploads\/2022\/01\/07_COLORS_MATTER_Haslauer_Strohmaier_Traumwelten_01_Farbpalette-2048x1448.jpg 2048w, https:\/\/zvsweb02.kunst.tuwien.ac.at\/wp-content\/uploads\/2022\/01\/07_COLORS_MATTER_Haslauer_Strohmaier_Traumwelten_01_Farbpalette-500x354.jpg 500w, https:\/\/zvsweb02.kunst.tuwien.ac.at\/wp-content\/uploads\/2022\/01\/07_COLORS_MATTER_Haslauer_Strohmaier_Traumwelten_01_Farbpalette-50x35.jpg 50w\" sizes=\"(max-width: 600px) 100vw, 600px\" \/><\/figure><\/li><li class=\"blocks-gallery-item\"><figure><img loading=\"lazy\" width=\"600\" height=\"322\" src=\"https:\/\/zvsweb02.kunst.tuwien.ac.at\/wp-content\/uploads\/2022\/01\/07_COLORS_MATTER_Haslauer_Strohmaier_Traumwelten_02_Ringelblumenwiese-600x322.jpg\" alt=\"\" data-id=\"4264\" data-full-url=\"https:\/\/zvsweb02.kunst.tuwien.ac.at\/wp-content\/uploads\/2022\/01\/07_COLORS_MATTER_Haslauer_Strohmaier_Traumwelten_02_Ringelblumenwiese-scaled.jpg\" data-link=\"https:\/\/zvsweb02.kunst.tuwien.ac.at\/?attachment_id=4264\" class=\"wp-image-4264\" srcset=\"https:\/\/zvsweb02.kunst.tuwien.ac.at\/wp-content\/uploads\/2022\/01\/07_COLORS_MATTER_Haslauer_Strohmaier_Traumwelten_02_Ringelblumenwiese-600x322.jpg 600w, https:\/\/zvsweb02.kunst.tuwien.ac.at\/wp-content\/uploads\/2022\/01\/07_COLORS_MATTER_Haslauer_Strohmaier_Traumwelten_02_Ringelblumenwiese-300x161.jpg 300w, https:\/\/zvsweb02.kunst.tuwien.ac.at\/wp-content\/uploads\/2022\/01\/07_COLORS_MATTER_Haslauer_Strohmaier_Traumwelten_02_Ringelblumenwiese-768x413.jpg 768w, https:\/\/zvsweb02.kunst.tuwien.ac.at\/wp-content\/uploads\/2022\/01\/07_COLORS_MATTER_Haslauer_Strohmaier_Traumwelten_02_Ringelblumenwiese-1536x825.jpg 1536w, https:\/\/zvsweb02.kunst.tuwien.ac.at\/wp-content\/uploads\/2022\/01\/07_COLORS_MATTER_Haslauer_Strohmaier_Traumwelten_02_Ringelblumenwiese-2048x1101.jpg 2048w, https:\/\/zvsweb02.kunst.tuwien.ac.at\/wp-content\/uploads\/2022\/01\/07_COLORS_MATTER_Haslauer_Strohmaier_Traumwelten_02_Ringelblumenwiese-500x269.jpg 500w, https:\/\/zvsweb02.kunst.tuwien.ac.at\/wp-content\/uploads\/2022\/01\/07_COLORS_MATTER_Haslauer_Strohmaier_Traumwelten_02_Ringelblumenwiese-50x27.jpg 50w\" sizes=\"(max-width: 600px) 100vw, 600px\" \/><\/figure><\/li><li class=\"blocks-gallery-item\"><figure><img loading=\"lazy\" width=\"600\" height=\"323\" src=\"https:\/\/zvsweb02.kunst.tuwien.ac.at\/wp-content\/uploads\/2022\/01\/07_COLORS_MATTER_Haslauer_Strohmaier_Traumwelten_03_Himmelreich-600x323.jpg\" alt=\"\" data-id=\"4265\" data-full-url=\"https:\/\/zvsweb02.kunst.tuwien.ac.at\/wp-content\/uploads\/2022\/01\/07_COLORS_MATTER_Haslauer_Strohmaier_Traumwelten_03_Himmelreich-scaled.jpg\" data-link=\"https:\/\/zvsweb02.kunst.tuwien.ac.at\/?attachment_id=4265\" class=\"wp-image-4265\" srcset=\"https:\/\/zvsweb02.kunst.tuwien.ac.at\/wp-content\/uploads\/2022\/01\/07_COLORS_MATTER_Haslauer_Strohmaier_Traumwelten_03_Himmelreich-600x323.jpg 600w, https:\/\/zvsweb02.kunst.tuwien.ac.at\/wp-content\/uploads\/2022\/01\/07_COLORS_MATTER_Haslauer_Strohmaier_Traumwelten_03_Himmelreich-300x161.jpg 300w, https:\/\/zvsweb02.kunst.tuwien.ac.at\/wp-content\/uploads\/2022\/01\/07_COLORS_MATTER_Haslauer_Strohmaier_Traumwelten_03_Himmelreich-768x413.jpg 768w, https:\/\/zvsweb02.kunst.tuwien.ac.at\/wp-content\/uploads\/2022\/01\/07_COLORS_MATTER_Haslauer_Strohmaier_Traumwelten_03_Himmelreich-1536x827.jpg 1536w, https:\/\/zvsweb02.kunst.tuwien.ac.at\/wp-content\/uploads\/2022\/01\/07_COLORS_MATTER_Haslauer_Strohmaier_Traumwelten_03_Himmelreich-2048x1102.jpg 2048w, https:\/\/zvsweb02.kunst.tuwien.ac.at\/wp-content\/uploads\/2022\/01\/07_COLORS_MATTER_Haslauer_Strohmaier_Traumwelten_03_Himmelreich-500x269.jpg 500w, https:\/\/zvsweb02.kunst.tuwien.ac.at\/wp-content\/uploads\/2022\/01\/07_COLORS_MATTER_Haslauer_Strohmaier_Traumwelten_03_Himmelreich-50x27.jpg 50w\" sizes=\"(max-width: 600px) 100vw, 600px\" \/><\/figure><\/li><li class=\"blocks-gallery-item\"><figure><img loading=\"lazy\" width=\"600\" height=\"322\" src=\"https:\/\/zvsweb02.kunst.tuwien.ac.at\/wp-content\/uploads\/2022\/01\/07_COLORS_MATTER_Haslauer_Strohmaier_Traumwelten_04_Zauberwald-600x322.jpg\" alt=\"\" data-id=\"4266\" data-full-url=\"https:\/\/zvsweb02.kunst.tuwien.ac.at\/wp-content\/uploads\/2022\/01\/07_COLORS_MATTER_Haslauer_Strohmaier_Traumwelten_04_Zauberwald-scaled.jpg\" data-link=\"https:\/\/zvsweb02.kunst.tuwien.ac.at\/?attachment_id=4266\" class=\"wp-image-4266\" srcset=\"https:\/\/zvsweb02.kunst.tuwien.ac.at\/wp-content\/uploads\/2022\/01\/07_COLORS_MATTER_Haslauer_Strohmaier_Traumwelten_04_Zauberwald-600x322.jpg 600w, https:\/\/zvsweb02.kunst.tuwien.ac.at\/wp-content\/uploads\/2022\/01\/07_COLORS_MATTER_Haslauer_Strohmaier_Traumwelten_04_Zauberwald-300x161.jpg 300w, https:\/\/zvsweb02.kunst.tuwien.ac.at\/wp-content\/uploads\/2022\/01\/07_COLORS_MATTER_Haslauer_Strohmaier_Traumwelten_04_Zauberwald-768x413.jpg 768w, https:\/\/zvsweb02.kunst.tuwien.ac.at\/wp-content\/uploads\/2022\/01\/07_COLORS_MATTER_Haslauer_Strohmaier_Traumwelten_04_Zauberwald-1536x825.jpg 1536w, https:\/\/zvsweb02.kunst.tuwien.ac.at\/wp-content\/uploads\/2022\/01\/07_COLORS_MATTER_Haslauer_Strohmaier_Traumwelten_04_Zauberwald-2048x1100.jpg 2048w, https:\/\/zvsweb02.kunst.tuwien.ac.at\/wp-content\/uploads\/2022\/01\/07_COLORS_MATTER_Haslauer_Strohmaier_Traumwelten_04_Zauberwald-500x269.jpg 500w, https:\/\/zvsweb02.kunst.tuwien.ac.at\/wp-content\/uploads\/2022\/01\/07_COLORS_MATTER_Haslauer_Strohmaier_Traumwelten_04_Zauberwald-50x27.jpg 50w\" sizes=\"(max-width: 600px) 100vw, 600px\" \/><\/figure><\/li><\/ul><\/figure>\n\n\n\n<p><br><br><\/p>\n\n\n\n<p><strong>FLIESSEND LERNEN | Volksschule WENDI<br><\/strong>Emile Drean + Paul-Pepe Rieger + Foteini Karatza<br><br>Als Inspiration f\u00fcr das Farbkonzept f\u00fcr die Volksschule WENDI diente vor allem die Natur, vorrangig Fl\u00fcsse und ihre Umgebung. Die Benutzer:innen sollen wie durch einen Fluss durch das Geb\u00e4ude gezogen werden.&nbsp;<br><br>Analog zum Wasserlauf, der aus der Quelle entspringt, sich seinen Weg zum Delta bahnt und dabei w\u00e4chst, wachsen Wissen und Pers\u00f6nlichkeiten der Sch\u00fcler:innen im Zuge ihrer Schullaufbahn.<br><br>Basierend auf diesem Gedanken werden Zonen und Bereiche \u00fcber klare farbliche Grenzen definiert und ihre Funktion wird durch die Farbgebung unterst\u00fctzt. Es wird eine Komposition aus ged\u00e4mpften Naturfarben in Verbindung mit stark ges\u00e4ttigten Farben und nat\u00fcrlichen Elementen geschaffen.<br><br>Ziel ist es, auf die Bed\u00fcrfnisse der Kinder einzugehen und je nach Nutzung, entweder eine aktivierende oder beruhigende Atmosph\u00e4re zu schaffen und somit eine stimmige, harmonische Gesamtsituation.<br><\/p>\n\n\n\n<figure class=\"wp-block-gallery columns-1 is-cropped\"><ul class=\"blocks-gallery-grid\"><li class=\"blocks-gallery-item\"><figure><img loading=\"lazy\" width=\"2560\" height=\"1810\" src=\"https:\/\/zvsweb02.kunst.tuwien.ac.at\/wp-content\/uploads\/2022\/01\/08_COLORS_MATTER_Rieger_Drean_Karatza_FLIESSEND-LERNEN_2_Axonometrie-scaled.jpg\" alt=\"\" data-id=\"4272\" data-full-url=\"https:\/\/zvsweb02.kunst.tuwien.ac.at\/wp-content\/uploads\/2022\/01\/08_COLORS_MATTER_Rieger_Drean_Karatza_FLIESSEND-LERNEN_2_Axonometrie-scaled.jpg\" data-link=\"https:\/\/zvsweb02.kunst.tuwien.ac.at\/?attachment_id=4272\" class=\"wp-image-4272\" srcset=\"https:\/\/zvsweb02.kunst.tuwien.ac.at\/wp-content\/uploads\/2022\/01\/08_COLORS_MATTER_Rieger_Drean_Karatza_FLIESSEND-LERNEN_2_Axonometrie-scaled.jpg 2560w, https:\/\/zvsweb02.kunst.tuwien.ac.at\/wp-content\/uploads\/2022\/01\/08_COLORS_MATTER_Rieger_Drean_Karatza_FLIESSEND-LERNEN_2_Axonometrie-300x212.jpg 300w, https:\/\/zvsweb02.kunst.tuwien.ac.at\/wp-content\/uploads\/2022\/01\/08_COLORS_MATTER_Rieger_Drean_Karatza_FLIESSEND-LERNEN_2_Axonometrie-600x424.jpg 600w, https:\/\/zvsweb02.kunst.tuwien.ac.at\/wp-content\/uploads\/2022\/01\/08_COLORS_MATTER_Rieger_Drean_Karatza_FLIESSEND-LERNEN_2_Axonometrie-768x543.jpg 768w, https:\/\/zvsweb02.kunst.tuwien.ac.at\/wp-content\/uploads\/2022\/01\/08_COLORS_MATTER_Rieger_Drean_Karatza_FLIESSEND-LERNEN_2_Axonometrie-1536x1086.jpg 1536w, https:\/\/zvsweb02.kunst.tuwien.ac.at\/wp-content\/uploads\/2022\/01\/08_COLORS_MATTER_Rieger_Drean_Karatza_FLIESSEND-LERNEN_2_Axonometrie-2048x1448.jpg 2048w, https:\/\/zvsweb02.kunst.tuwien.ac.at\/wp-content\/uploads\/2022\/01\/08_COLORS_MATTER_Rieger_Drean_Karatza_FLIESSEND-LERNEN_2_Axonometrie-500x353.jpg 500w, https:\/\/zvsweb02.kunst.tuwien.ac.at\/wp-content\/uploads\/2022\/01\/08_COLORS_MATTER_Rieger_Drean_Karatza_FLIESSEND-LERNEN_2_Axonometrie-50x35.jpg 50w\" sizes=\"(max-width: 2560px) 100vw, 2560px\" \/><\/figure><\/li><li class=\"blocks-gallery-item\"><figure><img loading=\"lazy\" width=\"2560\" height=\"1022\" src=\"https:\/\/zvsweb02.kunst.tuwien.ac.at\/wp-content\/uploads\/2022\/01\/08_COLORS_MATTER_Rieger_Drean_Karatza_FLIESSEND-LERNEN_4_Foyer-scaled.jpg\" alt=\"\" data-id=\"4273\" data-full-url=\"https:\/\/zvsweb02.kunst.tuwien.ac.at\/wp-content\/uploads\/2022\/01\/08_COLORS_MATTER_Rieger_Drean_Karatza_FLIESSEND-LERNEN_4_Foyer-scaled.jpg\" data-link=\"https:\/\/zvsweb02.kunst.tuwien.ac.at\/?attachment_id=4273\" class=\"wp-image-4273\" srcset=\"https:\/\/zvsweb02.kunst.tuwien.ac.at\/wp-content\/uploads\/2022\/01\/08_COLORS_MATTER_Rieger_Drean_Karatza_FLIESSEND-LERNEN_4_Foyer-scaled.jpg 2560w, https:\/\/zvsweb02.kunst.tuwien.ac.at\/wp-content\/uploads\/2022\/01\/08_COLORS_MATTER_Rieger_Drean_Karatza_FLIESSEND-LERNEN_4_Foyer-300x120.jpg 300w, https:\/\/zvsweb02.kunst.tuwien.ac.at\/wp-content\/uploads\/2022\/01\/08_COLORS_MATTER_Rieger_Drean_Karatza_FLIESSEND-LERNEN_4_Foyer-600x239.jpg 600w, https:\/\/zvsweb02.kunst.tuwien.ac.at\/wp-content\/uploads\/2022\/01\/08_COLORS_MATTER_Rieger_Drean_Karatza_FLIESSEND-LERNEN_4_Foyer-768x306.jpg 768w, https:\/\/zvsweb02.kunst.tuwien.ac.at\/wp-content\/uploads\/2022\/01\/08_COLORS_MATTER_Rieger_Drean_Karatza_FLIESSEND-LERNEN_4_Foyer-1536x613.jpg 1536w, https:\/\/zvsweb02.kunst.tuwien.ac.at\/wp-content\/uploads\/2022\/01\/08_COLORS_MATTER_Rieger_Drean_Karatza_FLIESSEND-LERNEN_4_Foyer-2048x817.jpg 2048w, https:\/\/zvsweb02.kunst.tuwien.ac.at\/wp-content\/uploads\/2022\/01\/08_COLORS_MATTER_Rieger_Drean_Karatza_FLIESSEND-LERNEN_4_Foyer-500x200.jpg 500w, https:\/\/zvsweb02.kunst.tuwien.ac.at\/wp-content\/uploads\/2022\/01\/08_COLORS_MATTER_Rieger_Drean_Karatza_FLIESSEND-LERNEN_4_Foyer-50x20.jpg 50w\" sizes=\"(max-width: 2560px) 100vw, 2560px\" \/><\/figure><\/li><li class=\"blocks-gallery-item\"><figure><img loading=\"lazy\" width=\"2560\" height=\"1499\" src=\"https:\/\/zvsweb02.kunst.tuwien.ac.at\/wp-content\/uploads\/2022\/01\/08_COLORS_MATTER_Rieger_Drean_Karatza_FLIESSEND-LERNEN_5_Gang-scaled.jpg\" alt=\"\" data-id=\"4274\" data-full-url=\"https:\/\/zvsweb02.kunst.tuwien.ac.at\/wp-content\/uploads\/2022\/01\/08_COLORS_MATTER_Rieger_Drean_Karatza_FLIESSEND-LERNEN_5_Gang-scaled.jpg\" data-link=\"https:\/\/zvsweb02.kunst.tuwien.ac.at\/?attachment_id=4274\" class=\"wp-image-4274\" srcset=\"https:\/\/zvsweb02.kunst.tuwien.ac.at\/wp-content\/uploads\/2022\/01\/08_COLORS_MATTER_Rieger_Drean_Karatza_FLIESSEND-LERNEN_5_Gang-scaled.jpg 2560w, https:\/\/zvsweb02.kunst.tuwien.ac.at\/wp-content\/uploads\/2022\/01\/08_COLORS_MATTER_Rieger_Drean_Karatza_FLIESSEND-LERNEN_5_Gang-300x176.jpg 300w, https:\/\/zvsweb02.kunst.tuwien.ac.at\/wp-content\/uploads\/2022\/01\/08_COLORS_MATTER_Rieger_Drean_Karatza_FLIESSEND-LERNEN_5_Gang-600x351.jpg 600w, https:\/\/zvsweb02.kunst.tuwien.ac.at\/wp-content\/uploads\/2022\/01\/08_COLORS_MATTER_Rieger_Drean_Karatza_FLIESSEND-LERNEN_5_Gang-768x450.jpg 768w, https:\/\/zvsweb02.kunst.tuwien.ac.at\/wp-content\/uploads\/2022\/01\/08_COLORS_MATTER_Rieger_Drean_Karatza_FLIESSEND-LERNEN_5_Gang-1536x899.jpg 1536w, https:\/\/zvsweb02.kunst.tuwien.ac.at\/wp-content\/uploads\/2022\/01\/08_COLORS_MATTER_Rieger_Drean_Karatza_FLIESSEND-LERNEN_5_Gang-2048x1199.jpg 2048w, https:\/\/zvsweb02.kunst.tuwien.ac.at\/wp-content\/uploads\/2022\/01\/08_COLORS_MATTER_Rieger_Drean_Karatza_FLIESSEND-LERNEN_5_Gang-500x293.jpg 500w, https:\/\/zvsweb02.kunst.tuwien.ac.at\/wp-content\/uploads\/2022\/01\/08_COLORS_MATTER_Rieger_Drean_Karatza_FLIESSEND-LERNEN_5_Gang-50x29.jpg 50w\" sizes=\"(max-width: 2560px) 100vw, 2560px\" \/><\/figure><\/li><\/ul><\/figure>\n","protected":false},"excerpt":{"rendered":"<p>Farbgestaltung im Bildungsbau hat Auswirkungen auf die Motivation, Lern- bzw. Lehrerfolg und Wohlbefinden bei Lernenden und Lehrenden.<\/p>\n","protected":false},"author":2,"featured_media":4241,"comment_status":"open","ping_status":"open","sticky":true,"template":"","format":"standard","meta":[],"categories":[6,18],"tags":[],"acf":[],"_links":{"self":[{"href":"https:\/\/zvsweb02.kunst.tuwien.ac.at\/index.php?rest_route=\/wp\/v2\/posts\/4240"}],"collection":[{"href":"https:\/\/zvsweb02.kunst.tuwien.ac.at\/index.php?rest_route=\/wp\/v2\/posts"}],"about":[{"href":"https:\/\/zvsweb02.kunst.tuwien.ac.at\/index.php?rest_route=\/wp\/v2\/types\/post"}],"author":[{"embeddable":true,"href":"https:\/\/zvsweb02.kunst.tuwien.ac.at\/index.php?rest_route=\/wp\/v2\/users\/2"}],"replies":[{"embeddable":true,"href":"https:\/\/zvsweb02.kunst.tuwien.ac.at\/index.php?rest_route=%2Fwp%2Fv2%2Fcomments&post=4240"}],"version-history":[{"count":15,"href":"https:\/\/zvsweb02.kunst.tuwien.ac.at\/index.php?rest_route=\/wp\/v2\/posts\/4240\/revisions"}],"predecessor-version":[{"id":4304,"href":"https:\/\/zvsweb02.kunst.tuwien.ac.at\/index.php?rest_route=\/wp\/v2\/posts\/4240\/revisions\/4304"}],"wp:featuredmedia":[{"embeddable":true,"href":"https:\/\/zvsweb02.kunst.tuwien.ac.at\/index.php?rest_route=\/wp\/v2\/media\/4241"}],"wp:attachment":[{"href":"https:\/\/zvsweb02.kunst.tuwien.ac.at\/index.php?rest_route=%2Fwp%2Fv2%2Fmedia&parent=4240"}],"wp:term":[{"taxonomy":"category","embeddable":true,"href":"https:\/\/zvsweb02.kunst.tuwien.ac.at\/index.php?rest_route=%2Fwp%2Fv2%2Fcategories&post=4240"},{"taxonomy":"post_tag","embeddable":true,"href":"https:\/\/zvsweb02.kunst.tuwien.ac.at\/index.php?rest_route=%2Fwp%2Fv2%2Ftags&post=4240"}],"curies":[{"name":"wp","href":"https:\/\/api.w.org\/{rel}","templated":true}]}}