
{"id":4329,"date":"2022-03-01T10:14:28","date_gmt":"2022-03-01T09:14:28","guid":{"rendered":"https:\/\/zvsweb02.kunst.tuwien.ac.at\/?p=4329"},"modified":"2022-05-25T12:14:12","modified_gmt":"2022-05-25T10:14:12","slug":"ich-brauche-platz-neuerscheinung-der-publikation","status":"publish","type":"post","link":"https:\/\/zvsweb02.kunst.tuwien.ac.at\/?p=4329","title":{"rendered":"ICH BRAUCHE PLATZ!"},"content":{"rendered":"\n<p>Neuerscheinung der Publikation<br>Beitr\u00e4ge zur IBA_Wien 2022, Band 11<\/p>\n\n\n\n<figure class=\"wp-block-image size-full\"><img loading=\"lazy\" width=\"2560\" height=\"1920\" src=\"https:\/\/zvsweb02.kunst.tuwien.ac.at\/wp-content\/uploads\/2022\/03\/IMG_2762-scaled.jpg\" alt=\"\" class=\"wp-image-4330\" srcset=\"https:\/\/zvsweb02.kunst.tuwien.ac.at\/wp-content\/uploads\/2022\/03\/IMG_2762-scaled.jpg 2560w, https:\/\/zvsweb02.kunst.tuwien.ac.at\/wp-content\/uploads\/2022\/03\/IMG_2762-300x225.jpg 300w, https:\/\/zvsweb02.kunst.tuwien.ac.at\/wp-content\/uploads\/2022\/03\/IMG_2762-600x450.jpg 600w, https:\/\/zvsweb02.kunst.tuwien.ac.at\/wp-content\/uploads\/2022\/03\/IMG_2762-768x576.jpg 768w, https:\/\/zvsweb02.kunst.tuwien.ac.at\/wp-content\/uploads\/2022\/03\/IMG_2762-1536x1152.jpg 1536w, https:\/\/zvsweb02.kunst.tuwien.ac.at\/wp-content\/uploads\/2022\/03\/IMG_2762-2048x1536.jpg 2048w, https:\/\/zvsweb02.kunst.tuwien.ac.at\/wp-content\/uploads\/2022\/03\/IMG_2762-500x375.jpg 500w, https:\/\/zvsweb02.kunst.tuwien.ac.at\/wp-content\/uploads\/2022\/03\/IMG_2762-50x38.jpg 50w\" sizes=\"(max-width: 2560px) 100vw, 2560px\" \/><\/figure>\n\n\n\n<p>Die Publikation&nbsp;<strong>&#8218;ICH BRAUCHE PLATZ! K\u00fcnstlerische Co-Creation und Raumforschung mit jungen Menschen in drei Wiener Stadtentwicklungsgebieten&#8216;<\/strong>&nbsp;basiert auf dem Kunst- und Raumforschungsprojekt &#8222;ICH BRAUCHE PLATZ!&#8220;, das von Karin Harather als Kooperation des Instituts f\u00fcr Kunst und Gestaltung an der Fakult\u00e4t f\u00fcr Architektur und Raumplanung, TU Wien mit K\u00d6R \u2013 Kunst im \u00f6ffentlichen Raum Wien und IBA_Wien \u2013 Internationale Bauausstellung entwickelt und mit vielen Beteiligten in mehreren Phasen von Oktober 2019 bis Oktober 2020 an verschiedenen IBA_Wien-Stadtentwicklungsstandorten durchgef\u00fchrt wurde. Der Fokus lag darauf, Kinder und Jugendliche vor Ort aktiv in den Co-Creations- und Forschungsprozess miteinzubeziehen. Als \u201eForschungsbasis\u201c im \u00f6ffentlichen Raum diente ein zum mobilen Stadtlabor umgebauter ehem. Linienbus.<\/p>\n\n\n\n<p>Die w\u00e4hrend der unterschiedlichen Projektphasen Mitwirkenden, die vielf\u00e4ltig eingesetzten Medien, Methoden und Arbeitsweisen, die alternativen Forschungsans\u00e4tze, gewonnenen Erkenntnisse, subjektiven Befunde und die daraus abzuleitenden Desiderata wurden in dieser Publikation nun versammelt, um \u00fcber das tempor\u00e4re Prozessgeschehen hinaus wirksam werden zu k\u00f6nnen und Impulse f\u00fcr die Entwicklung neuer Stadtquartiere ebenso wie bestehender und k\u00fcnftiger Bildungslandschaften zu geben.<\/p>\n\n\n\n<p><strong>Karin Harather (Hg.): ICH BRAUCHE PLATZ! K\u00fcnstlerische Co-Creation und Raumforschung mit jungen Menschen in drei Wiener Stadtentwicklungsgebieten.<\/strong>&nbsp;Erschienen in der Reihe \u201eBeitr\u00e4ge zur IBA_Wien\u201c, Band 11, Wien 2021.&nbsp;ISBN 978-3-903474-99-4.<\/p>\n\n\n\n<p><strong>Open Source Download:<\/strong><br><a href=\"https:\/\/www.iba-wien.at\/projekte\/projekt-detail\/project\/ich-brauche-platz?ref=projectevent&amp;cHash=d5a907dc65907d48fff8e406fdc9fcb5\">https:\/\/www.iba-wien.at\/projekte\/projekt-detail\/project\/ich-brauche-platz?ref=projectevent&amp;cHash=d5a907dc65907d48fff8e406fdc9fcb5<\/a><\/p>\n","protected":false},"excerpt":{"rendered":"<p>Die Publikation\u00a0&#8218;ICH BRAUCHE PLATZ! K\u00fcnstlerische Co-Creation und Raumforschung mit jungen Menschen in drei Wiener Stadtentwicklungsgebieten&#8216;\u00a0basiert auf dem Kunst- und Raumforschungsprojekt &#8222;ICH BRAUCHE PLATZ!&#8220;, das von Karin Harather als Kooperation des Instituts f\u00fcr Kunst und Gestaltung an der Fakult\u00e4t f\u00fcr Architektur und Raumplanung, TU Wien mit K\u00d6R \u2013 Kunst im \u00f6ffentlichen Raum Wien und IBA_Wien \u2013 Internationale Bauausstellung entwickelt und mit vielen Beteiligten in mehreren Phasen von Oktober 2019 bis Oktober 2020 an verschiedenen IBA_Wien-Stadtentwicklungsstandorten durchgef\u00fchrt wurde. Der Fokus lag darauf, Kinder und Jugendliche vor Ort aktiv in den Co-Creations- und Forschungsprozess miteinzubeziehen. Als \u201eForschungsbasis\u201c im \u00f6ffentlichen Raum diente ein zum mobilen Stadtlabor umgebauter ehem. Linienbus.<\/p>\n","protected":false},"author":2,"featured_media":4330,"comment_status":"open","ping_status":"open","sticky":true,"template":"","format":"standard","meta":[],"categories":[4],"tags":[],"acf":[],"_links":{"self":[{"href":"https:\/\/zvsweb02.kunst.tuwien.ac.at\/index.php?rest_route=\/wp\/v2\/posts\/4329"}],"collection":[{"href":"https:\/\/zvsweb02.kunst.tuwien.ac.at\/index.php?rest_route=\/wp\/v2\/posts"}],"about":[{"href":"https:\/\/zvsweb02.kunst.tuwien.ac.at\/index.php?rest_route=\/wp\/v2\/types\/post"}],"author":[{"embeddable":true,"href":"https:\/\/zvsweb02.kunst.tuwien.ac.at\/index.php?rest_route=\/wp\/v2\/users\/2"}],"replies":[{"embeddable":true,"href":"https:\/\/zvsweb02.kunst.tuwien.ac.at\/index.php?rest_route=%2Fwp%2Fv2%2Fcomments&post=4329"}],"version-history":[{"count":5,"href":"https:\/\/zvsweb02.kunst.tuwien.ac.at\/index.php?rest_route=\/wp\/v2\/posts\/4329\/revisions"}],"predecessor-version":[{"id":4437,"href":"https:\/\/zvsweb02.kunst.tuwien.ac.at\/index.php?rest_route=\/wp\/v2\/posts\/4329\/revisions\/4437"}],"wp:featuredmedia":[{"embeddable":true,"href":"https:\/\/zvsweb02.kunst.tuwien.ac.at\/index.php?rest_route=\/wp\/v2\/media\/4330"}],"wp:attachment":[{"href":"https:\/\/zvsweb02.kunst.tuwien.ac.at\/index.php?rest_route=%2Fwp%2Fv2%2Fmedia&parent=4329"}],"wp:term":[{"taxonomy":"category","embeddable":true,"href":"https:\/\/zvsweb02.kunst.tuwien.ac.at\/index.php?rest_route=%2Fwp%2Fv2%2Fcategories&post=4329"},{"taxonomy":"post_tag","embeddable":true,"href":"https:\/\/zvsweb02.kunst.tuwien.ac.at\/index.php?rest_route=%2Fwp%2Fv2%2Ftags&post=4329"}],"curies":[{"name":"wp","href":"https:\/\/api.w.org\/{rel}","templated":true}]}}