
{"id":4596,"date":"2022-10-05T10:43:00","date_gmt":"2022-10-05T08:43:00","guid":{"rendered":"https:\/\/zvsweb02.kunst.tuwien.ac.at\/?p=4596"},"modified":"2023-07-05T17:56:28","modified_gmt":"2023-07-05T15:56:28","slug":"ich-brauche-platz-2","status":"publish","type":"post","link":"https:\/\/zvsweb02.kunst.tuwien.ac.at\/?p=4596","title":{"rendered":"ICH BRAUCHE PLATZ!"},"content":{"rendered":"\n<p>IBA trifft Kunst: Vortrag und Diskussion<\/p>\n\n\n\n<figure class=\"wp-block-image size-large\"><img loading=\"lazy\" width=\"600\" height=\"450\" src=\"https:\/\/zvsweb02.kunst.tuwien.ac.at\/wp-content\/uploads\/2022\/10\/09pah_IMG_9040-600x450.jpeg\" alt=\"\" class=\"wp-image-4598\" srcset=\"https:\/\/zvsweb02.kunst.tuwien.ac.at\/wp-content\/uploads\/2022\/10\/09pah_IMG_9040-600x450.jpeg 600w, https:\/\/zvsweb02.kunst.tuwien.ac.at\/wp-content\/uploads\/2022\/10\/09pah_IMG_9040-300x225.jpeg 300w, https:\/\/zvsweb02.kunst.tuwien.ac.at\/wp-content\/uploads\/2022\/10\/09pah_IMG_9040-768x576.jpeg 768w, https:\/\/zvsweb02.kunst.tuwien.ac.at\/wp-content\/uploads\/2022\/10\/09pah_IMG_9040-1536x1152.jpeg 1536w, https:\/\/zvsweb02.kunst.tuwien.ac.at\/wp-content\/uploads\/2022\/10\/09pah_IMG_9040-2048x1536.jpeg 2048w, https:\/\/zvsweb02.kunst.tuwien.ac.at\/wp-content\/uploads\/2022\/10\/09pah_IMG_9040-500x375.jpeg 500w, https:\/\/zvsweb02.kunst.tuwien.ac.at\/wp-content\/uploads\/2022\/10\/09pah_IMG_9040-50x38.jpeg 50w\" sizes=\"(max-width: 600px) 100vw, 600px\" \/><figcaption>Fotocredits: (c) Team IBP<\/figcaption><\/figure>\n\n\n\n<p><strong>Montag, 10.10.2022, 18:00-19:30<br><br>IBA-Zentrum, <\/strong>Nordwestbahnstra\u00dfe 16, 1200 Wien<br><br>Veranstaltet von der Internationalen Bauausstellung IBA_Wien in Zusammenarbeit mit der Wiener Kinder- und Jugendanwaltschaft&nbsp;<br><br>1989 wurde von den Vereinten Nationen ein grundlegender Vertrag \u00fcber die Rechte des Kindes beschlossen. \u00d6sterreich hat diesen Vertrag 1992 unterschrieben und die Rechte von Kindern unter anderem durch ein Bundesverfassungsgesetz weiter gest\u00e4rkt. Welche Auswirkungen hat das auf das Thema Wohnen und (mehr) R\u00e4ume f\u00fcr Kinder und Jugendliche in der Stadt? Dieser Frage wird anhand der Keynote-Pr\u00e4sentation der Projekte \u201eICH BRAUCHE PLATZ!\u201c und \u201eBiB-Lab &#8211; Innovationslabor f\u00fcr Bildungsr\u00e4ume in Bewegung\u201c der TU Wien und der daran anschlie\u00dfenden Podiumsdiskussion mit Fachexpert_innen nachgegangen. In einem von der Kinder- und Jugendanwaltschaft Wien moderierten, interaktiven Dialog wird diskutiert, wie mit Hilfe der Kinderrechte ein Perspektivenwechsel erzielt werden kann.<br><br>\u201eICH BRAUCHE PLATZ!\u201c<br>Keynote von Karin Harather<br>TU Wien, Institut f\u00fcr Kunst und Gestaltung<br>Projektleiterin \u201eICH BRAUCHE PLATZ!\u201c und \u201eBiB-Lab\u201c\/Innovationslabor f\u00fcr Bildungsr\u00e4ume in Bewegung<br><br>\u201eKinderrechte und die Auswirkungen auf das Wohnen und die Nutzung von<br>R\u00e4umen in der Stadt\u201c<br>Podiumsdiskussion mit:<br>Karin Harather (TU Wien, Projektleiterin ICH BRAUCHE PLATZ! und BiB-Lab)<br>Korinna Lindinger (TU Wien, Soziologin, K\u00fcnstlerin und Kinderrechtsexpertin)<br>Katja Hausleitner (Kinderb\u00fcro Graz, Projektleiterin Wohnen, Stadt Verkehr)<br>Katharina Schuller (Human Rights Space, Obfrau und Gr\u00fcnderin)<br>Moderation: Sebastian \u00d6hner (Kinder- und Jugendanwaltschaft Wien, Rechtsreferent)<br><br>Anmeldung:&nbsp;<a href=\"https:\/\/www.iba-wien.at\/veranstaltungen\/uebersicht\/past-event-detail\/event\/ich-brauche-platz-vortrag-diskussion%20\">https:\/\/www.iba-wien.at\/veranstaltungen\/uebersicht\/past-event-detail\/event\/ich-brauche-platz-vortrag-diskussion<\/a><\/p>\n","protected":false},"excerpt":{"rendered":"<p>IBA trifft Kunst: Vortrag und Diskussion<br \/>\nMontag, 10.10.2022, IBA-Zentrum<\/p>\n","protected":false},"author":2,"featured_media":4599,"comment_status":"open","ping_status":"open","sticky":true,"template":"","format":"standard","meta":[],"categories":[17,4],"tags":[],"acf":[],"_links":{"self":[{"href":"https:\/\/zvsweb02.kunst.tuwien.ac.at\/index.php?rest_route=\/wp\/v2\/posts\/4596"}],"collection":[{"href":"https:\/\/zvsweb02.kunst.tuwien.ac.at\/index.php?rest_route=\/wp\/v2\/posts"}],"about":[{"href":"https:\/\/zvsweb02.kunst.tuwien.ac.at\/index.php?rest_route=\/wp\/v2\/types\/post"}],"author":[{"embeddable":true,"href":"https:\/\/zvsweb02.kunst.tuwien.ac.at\/index.php?rest_route=\/wp\/v2\/users\/2"}],"replies":[{"embeddable":true,"href":"https:\/\/zvsweb02.kunst.tuwien.ac.at\/index.php?rest_route=%2Fwp%2Fv2%2Fcomments&post=4596"}],"version-history":[{"count":7,"href":"https:\/\/zvsweb02.kunst.tuwien.ac.at\/index.php?rest_route=\/wp\/v2\/posts\/4596\/revisions"}],"predecessor-version":[{"id":4874,"href":"https:\/\/zvsweb02.kunst.tuwien.ac.at\/index.php?rest_route=\/wp\/v2\/posts\/4596\/revisions\/4874"}],"wp:featuredmedia":[{"embeddable":true,"href":"https:\/\/zvsweb02.kunst.tuwien.ac.at\/index.php?rest_route=\/wp\/v2\/media\/4599"}],"wp:attachment":[{"href":"https:\/\/zvsweb02.kunst.tuwien.ac.at\/index.php?rest_route=%2Fwp%2Fv2%2Fmedia&parent=4596"}],"wp:term":[{"taxonomy":"category","embeddable":true,"href":"https:\/\/zvsweb02.kunst.tuwien.ac.at\/index.php?rest_route=%2Fwp%2Fv2%2Fcategories&post=4596"},{"taxonomy":"post_tag","embeddable":true,"href":"https:\/\/zvsweb02.kunst.tuwien.ac.at\/index.php?rest_route=%2Fwp%2Fv2%2Ftags&post=4596"}],"curies":[{"name":"wp","href":"https:\/\/api.w.org\/{rel}","templated":true}]}}