
{"id":4716,"date":"2023-03-22T14:19:24","date_gmt":"2023-03-22T13:19:24","guid":{"rendered":"https:\/\/zvsweb02.kunst.tuwien.ac.at\/?p=4716"},"modified":"2023-03-29T15:02:08","modified_gmt":"2023-03-29T13:02:08","slug":"wir-sehen-was-ws22","status":"publish","type":"post","link":"https:\/\/zvsweb02.kunst.tuwien.ac.at\/?p=4716","title":{"rendered":"Wir \u201eSehen &#8211; was?\u201c WS22"},"content":{"rendered":"\n<figure class=\"wp-block-image size-large\"><img loading=\"lazy\" width=\"367\" height=\"600\" src=\"https:\/\/zvsweb02.kunst.tuwien.ac.at\/wp-content\/uploads\/2023\/03\/Screenshot-2023-03-29-130304-1-367x600.jpg\" alt=\"\" class=\"wp-image-4745\" srcset=\"https:\/\/zvsweb02.kunst.tuwien.ac.at\/wp-content\/uploads\/2023\/03\/Screenshot-2023-03-29-130304-1-367x600.jpg 367w, https:\/\/zvsweb02.kunst.tuwien.ac.at\/wp-content\/uploads\/2023\/03\/Screenshot-2023-03-29-130304-1-183x300.jpg 183w, https:\/\/zvsweb02.kunst.tuwien.ac.at\/wp-content\/uploads\/2023\/03\/Screenshot-2023-03-29-130304-1-306x500.jpg 306w, https:\/\/zvsweb02.kunst.tuwien.ac.at\/wp-content\/uploads\/2023\/03\/Screenshot-2023-03-29-130304-1-31x50.jpg 31w, https:\/\/zvsweb02.kunst.tuwien.ac.at\/wp-content\/uploads\/2023\/03\/Screenshot-2023-03-29-130304-1.jpg 745w\" sizes=\"(max-width: 367px) 100vw, 367px\" \/><\/figure>\n\n\n\n<p>Wie sehr beeinflusst uns das Sehen? Verstellen uns nachhaltige Konzepte von Photovoltaikanlagen und Windr\u00e4dern den Blick, \u201everschandeln\u201c die Landschaft?<br>Oder k\u00f6nnen diese so in Kultur- und Agrarlandschaften eingebettet werden, dass sie f\u00fcr ein kollektives Empfinden vielleicht sogar als gestalterischer Mehrwert empfunden werden.<br>Wieviel Photovoltaik vertr\u00e4gt ein Geb\u00e4ude, und wie verteilt sich dabei die Gewichtung von Effizienz und gestalterischen Aspekten?<br>Wie wird sich das zuk\u00fcnftige Stadtbild, die urbane Landschaft ver\u00e4ndern? Welche Spuren haben die technischen Errungenschaften der letzten Jahrhunderte das Landschaftsbild bereits hinterlassen?<\/p>\n\n\n\n<p><\/p>\n\n\n\n<div class=\"wp-block-file\"><a href=\"https:\/\/zvsweb02.kunst.tuwien.ac.at\/wp-content\/uploads\/2023\/03\/Baran-Selvi_Kuenstlerisches-Projekt_ZERO-WASTE_Begleittext_Baran_Wahba-compressed.pdf\">Baran, Selvi und Wahba, Fatma &#8222;ZERO WASTE&#8220; PDF<\/a><\/div>\n\n\n\n<div class=\"wp-block-file\"><a href=\"https:\/\/zvsweb02.kunst.tuwien.ac.at\/wp-content\/uploads\/2023\/03\/Geusser-Kathrin_Kathrin-Geusser-UNTERTAGEBAU-compressed.pdf\">Geusser, Kathrin &#8222;UNTERTAGEBAU&#8220; PDF<\/a><\/div>\n\n\n\n<div class=\"wp-block-file\"><a href=\"https:\/\/zvsweb02.kunst.tuwien.ac.at\/wp-content\/uploads\/2023\/03\/Haas-Michael_Haas_Michael_DDWEH_144319-DER-WEIE-RAUSCH-compressed.pdf\">Haas, Michael &#8222;DINGE DIE WAS ERLEBT HABEN&#8220; PDF<\/a><\/div>\n\n\n\n<div class=\"wp-block-file\"><a href=\"https:\/\/zvsweb02.kunst.tuwien.ac.at\/wp-content\/uploads\/2023\/03\/Heese-Eva_Eva-Heese_11778262_Was-Sehen-Wir_Endabgabe_96250-compressed.pdf\">Heese, Eva &#8222;Wir k\u00f6nnen`s noch drehen&#8220; PDF<\/a><\/div>\n\n\n\n<p class=\"has-text-align-center\"><a href=\"https:\/\/vimeo.com\/manage\/videos\/812745090\">+ Video <\/a><\/p>\n\n\n\n<div class=\"wp-block-file\"><a href=\"https:\/\/zvsweb02.kunst.tuwien.ac.at\/wp-content\/uploads\/2023\/03\/Ihasz-Sandra_Der-weisse-Rausch_Recherche_Berchtold_Ihasz_159180-compressed.pdf\">Ihasz, Sandra und Berchtold, Anna &#8222;Der-weisse-Rausch&#8220; PDF<\/a><\/div>\n\n\n\n<p class=\"has-text-align-center\"><a href=\"https:\/\/vimeo.com\/manage\/videos\/812763989\">+ Video<\/a><\/p>\n\n\n\n<div class=\"wp-block-file\"><a href=\"https:\/\/zvsweb02.kunst.tuwien.ac.at\/wp-content\/uploads\/2023\/03\/Janssen-Martina_Kuenstlerisches-Projekt-Martina-Janssen-11916891-_125893-compressed.pdf\">Janssen, Martina &#8222;Fra\u00dfbild Borkenk\u00e4fer&#8220; PDF<\/a><\/div>\n\n\n\n<div class=\"wp-block-file\"><a href=\"https:\/\/zvsweb02.kunst.tuwien.ac.at\/wp-content\/uploads\/2023\/03\/Jungwirth-Nicolas_Endabgabe_Jungwirth_96205-compressed-SICHER.pdf\"> Jungwirth, Nicolas und Kreindl, Julia Zoe PDF <\/a><\/div>\n\n\n\n<div class=\"wp-block-file\"><a href=\"https:\/\/zvsweb02.kunst.tuwien.ac.at\/wp-content\/uploads\/2023\/03\/Pllana-Fatlind_Final_FatlindPLLANA_11820001_119506.pdf\">Pllana, Fatlind PDF<\/a><\/div>\n\n\n\n<p class=\"has-text-align-center\"><a href=\"https:\/\/vimeo.com\/manage\/videos\/812744640\">+ Video<\/a><\/p>\n\n\n\n<div class=\"wp-block-file\"><a href=\"https:\/\/zvsweb02.kunst.tuwien.ac.at\/wp-content\/uploads\/2023\/03\/Redl-Denise_Dein-stadtraum_Bastelboegen_Redl_65623-compressed.pdf\">Redl, Denise &#8222;DEIN STADTRAUM&#8220; PDF<\/a><\/div>\n\n\n\n<div class=\"wp-block-file\"><a href=\"https:\/\/zvsweb02.kunst.tuwien.ac.at\/wp-content\/uploads\/2023\/03\/Ruppert-Moira_wirsehenWAS_MoiraRuppert_01608045_76177-compressed.pdf\">Ruppert, Moira &#8222;PM2,5&#8220; PDF<\/a><\/div>\n\n\n\n<div class=\"wp-block-file\"><a href=\"https:\/\/zvsweb02.kunst.tuwien.ac.at\/wp-content\/uploads\/2023\/03\/Sauter-Laura_kuenstlerisches_projekt_text_foto_freund_sauter_59823-copy-compressed.pdf\">Sauter, Laura und Freund, David &#8222;Windrad&#8220; PDF <\/a><\/div>\n\n\n\n<p class=\"has-text-align-center\"><a href=\"https:\/\/vimeo.com\/manage\/videos\/812755388\">+ Video <\/a><\/p>\n\n\n\n<div class=\"wp-block-file\"><a href=\"https:\/\/zvsweb02.kunst.tuwien.ac.at\/wp-content\/uploads\/2023\/03\/Siebmacher-Julia-Maria_50__abgabe_siebmacher_96253-copy.pdf\">Siebmacher, Julia Maria PDF<\/a><\/div>\n\n\n\n<div class=\"wp-block-file\"><a href=\"https:\/\/zvsweb02.kunst.tuwien.ac.at\/wp-content\/uploads\/2023\/03\/SKODRA_Sedef_01368476-SICHER.pdf\"> Skodra, Sedef &#8222;NON HUMAN ZONES&#8220; PDF <\/a><\/div>\n\n\n\n<p class=\"has-text-align-center\"><a href=\"https:\/\/vimeo.com\/manage\/videos\/812764328\">+ Video<\/a><\/p>\n\n\n\n<p><a href=\"https:\/\/vimeo.com\/manage\/videos\/812762583\">Fresku, Linda Video<\/a><\/p>\n","protected":false},"excerpt":{"rendered":"<p>Wie sehr beeinflusst uns das Sehen? Verstellen uns nachhaltige Konzepte von Photovoltaikanlagen und Windr\u00e4dern den Blick?<\/p>\n","protected":false},"author":3,"featured_media":4719,"comment_status":"open","ping_status":"open","sticky":true,"template":"","format":"standard","meta":[],"categories":[6],"tags":[],"acf":[],"_links":{"self":[{"href":"https:\/\/zvsweb02.kunst.tuwien.ac.at\/index.php?rest_route=\/wp\/v2\/posts\/4716"}],"collection":[{"href":"https:\/\/zvsweb02.kunst.tuwien.ac.at\/index.php?rest_route=\/wp\/v2\/posts"}],"about":[{"href":"https:\/\/zvsweb02.kunst.tuwien.ac.at\/index.php?rest_route=\/wp\/v2\/types\/post"}],"author":[{"embeddable":true,"href":"https:\/\/zvsweb02.kunst.tuwien.ac.at\/index.php?rest_route=\/wp\/v2\/users\/3"}],"replies":[{"embeddable":true,"href":"https:\/\/zvsweb02.kunst.tuwien.ac.at\/index.php?rest_route=%2Fwp%2Fv2%2Fcomments&post=4716"}],"version-history":[{"count":17,"href":"https:\/\/zvsweb02.kunst.tuwien.ac.at\/index.php?rest_route=\/wp\/v2\/posts\/4716\/revisions"}],"predecessor-version":[{"id":4761,"href":"https:\/\/zvsweb02.kunst.tuwien.ac.at\/index.php?rest_route=\/wp\/v2\/posts\/4716\/revisions\/4761"}],"wp:featuredmedia":[{"embeddable":true,"href":"https:\/\/zvsweb02.kunst.tuwien.ac.at\/index.php?rest_route=\/wp\/v2\/media\/4719"}],"wp:attachment":[{"href":"https:\/\/zvsweb02.kunst.tuwien.ac.at\/index.php?rest_route=%2Fwp%2Fv2%2Fmedia&parent=4716"}],"wp:term":[{"taxonomy":"category","embeddable":true,"href":"https:\/\/zvsweb02.kunst.tuwien.ac.at\/index.php?rest_route=%2Fwp%2Fv2%2Fcategories&post=4716"},{"taxonomy":"post_tag","embeddable":true,"href":"https:\/\/zvsweb02.kunst.tuwien.ac.at\/index.php?rest_route=%2Fwp%2Fv2%2Ftags&post=4716"}],"curies":[{"name":"wp","href":"https:\/\/api.w.org\/{rel}","templated":true}]}}