
{"id":473,"date":"2018-08-28T23:32:28","date_gmt":"2018-08-28T21:32:28","guid":{"rendered":"http:\/\/zvsweb02.kunst.tuwien.ac.at?p=473"},"modified":"2024-09-12T14:11:54","modified_gmt":"2024-09-12T12:11:54","slug":"christine-hohenbuechler","status":"publish","type":"post","link":"https:\/\/zvsweb02.kunst.tuwien.ac.at\/?p=473","title":{"rendered":"Christine Hohenb\u00fcchler"},"content":{"rendered":"\n<figure class=\"wp-block-image size-large is-resized is-style-default\"><img src=\"https:\/\/zvsweb02.kunst.tuwien.ac.at\/wp-content\/uploads\/2023\/09\/DSC00383-edited-scaled.jpg\" alt=\"\" class=\"wp-image-5009\" width=\"444\" srcset=\"https:\/\/zvsweb02.kunst.tuwien.ac.at\/wp-content\/uploads\/2023\/09\/DSC00383-edited-scaled.jpg 2560w, https:\/\/zvsweb02.kunst.tuwien.ac.at\/wp-content\/uploads\/2023\/09\/DSC00383-edited-300x300.jpg 300w, https:\/\/zvsweb02.kunst.tuwien.ac.at\/wp-content\/uploads\/2023\/09\/DSC00383-edited-600x600.jpg 600w, https:\/\/zvsweb02.kunst.tuwien.ac.at\/wp-content\/uploads\/2023\/09\/DSC00383-edited-350x350.jpg 350w, https:\/\/zvsweb02.kunst.tuwien.ac.at\/wp-content\/uploads\/2023\/09\/DSC00383-edited-768x768.jpg 768w, https:\/\/zvsweb02.kunst.tuwien.ac.at\/wp-content\/uploads\/2023\/09\/DSC00383-edited-1536x1536.jpg 1536w, https:\/\/zvsweb02.kunst.tuwien.ac.at\/wp-content\/uploads\/2023\/09\/DSC00383-edited-2048x2048.jpg 2048w, https:\/\/zvsweb02.kunst.tuwien.ac.at\/wp-content\/uploads\/2023\/09\/DSC00383-edited-500x500.jpg 500w, https:\/\/zvsweb02.kunst.tuwien.ac.at\/wp-content\/uploads\/2023\/09\/DSC00383-edited-50x50.jpg 50w\" sizes=\"(max-width: 2560px) 100vw, 2560px\" \/><\/figure>\n\n\n\n<p>Foto: Adrian Talmon<\/p>\n\n\n<div><a href=\"https:\/\/www.martinjanda.at\/de\/kuenstler\/christine-irene-hohenbuechler\/werke\/\">https:\/\/www.martinjanda.at\/de\/kuenstler\/christine-irene-hohenbuechler\/werke\/<\/a><\/div>\n<div>&nbsp;<\/div>\n<div>\n<p>Seit 2002 ist sie Professorin f\u00fcr Zeichnen und visuelle Sprachen an der Fakult\u00e4t f\u00fcr Architektur und Raumplanung der Technischen Universit\u00e4t Wien, am Institut f\u00fcr Kunst und Gestaltung, und leitet seit 2007 das Institut.<\/p>\n<p>Unterricht: im Bachelor- und Master-Programm, sowie Diplom.<\/p>\n<p>Christine Hohenb\u00fcchler arbeitet k\u00fcnstlerisch im Team seit 1990 mit ihrer Schwester Irene (Leiterin der Klasse f\u00fcr kooperative Strategien an der Kunstakademie M\u00fcnster) als K\u00fcnstlerpaar zusammen. Dabei spielt die Idee der &#8222;multiplen Autorschaft&#8220; eine zentrale Rolle. In den 1990er Jahren kooperierten sie vor allem mit sozialen Randgruppen: Gefangene, psychisch Kranke, Menschen mit erh\u00f6htem Bedarf. Sp\u00e4ter verlagerte sich ihre k\u00fcnstlerische Praxis auf die Arbeit mit Kindern, Sch\u00fcler:innen und Studierenden.<\/p>\n<p>Neben diesen Gruppenarbeiten schafft sie in Zusammenarbeit mit ihrer Schwester Werke in einem historischen und gesellschaftspolitischen Kontext und in partizipatorischen Projekten, das hei\u00dft, die Besucher:innen oder Nutzer:innen werden zunehmend in die Gestaltungsprozesse einbezogen.<\/p>\n<p>Seit 2023 im Konsortium f\u00fcr Doktoratskolleg<br>STEAM &#8211; STEM &#8211; stART \u00b4em, 2023 \u2013 2026, Herausforderungen eines inklusiven, sinnstiftenden und effektiven MINT-Unterrichts erfassen und diesen durch innovative M\u00f6glichkeiten der Fachbereiche Informatik\/Technik und der Kunst\/Kunstp\u00e4dagogik (PH Wien) begegnen. Gef\u00f6rdert durch OEAD.<\/p>\n<p>Mitarbeit am FFG Forschungsprojekt \u201eHOPE Raumlabor # Bildungslandschaften im Klimawandel\u201c am Forschungsbereich. Seit 2023 involviert am TU Projekt: Cultural Collision.<\/p>\n<p><\/p>\n<\/div>\n<p><strong><u>Ausstellungen (Auswahl)<\/u><\/strong><\/p>\n<p><em>2023 <\/em><em>Tr\u00e4ume von <\/em><em>R\u00e4umen, KinderkKunstlLabor, St. P\u00f6lten<\/em><\/p>\n<p>2022\/23 Mit und ohne Worte, Mitmachaustellung zum Thema Kommunikation<\/p>\n<p>&nbsp; Zoom Kindermuseum 2022\/23 WIEN, (A)<\/p>\n<p>2022 Sisters and Brothers, 500 Jahre Geschwister in der Kunst Kunsthalle T\u00fcbingen (D), Lentos Linz (A)<\/p>\n<p>2021 Christine und Irene Hohenb\u00fcchler, Carlone Contemporary Belvedere Wien (A)<\/p>\n<p>2021 <em>NIMMERSATT: Gesellschaft ohne Wachstum denken<\/em>, LWL Museum M\u00fcnster(D)<\/p>\n<p>2019 Archdiploma 2019, Fakult\u00e4t f\u00fcr Architektur und Raumplanung TU Wien<\/p>\n<p>kuratiert von Christine Hohenb\u00fcchler und Michael Zinganel<\/p>\n<p>2019 Gew\u00e4chse der Seele, Wilhelm Hack Museum Ludwigshafen, Bad D\u00fcrkheim&nbsp;&nbsp;&nbsp;&nbsp;<\/p>\n<p>2017 Human Network, Schaderstiftung Darmstadt (D)<\/p>\n<p>2014 \u201e\u2026flieg Vogel flieg\u2026\u201c,B1| A40 Die Sch\u00f6nheit der gro\u00dfen Stra\u00dfe (D)<\/p>\n<p>2007 \u201e&#8230; ansehen als &#8230;\u201c Kunsthalle Krems,(A)<\/p>\n<p>1999 &#8222;Offene Handlungsfelder&#8220;, Biennale Venedig, \u00d6sterreichischer Pavillon, Venedig (I)<\/p>\n<p>1997 documenta X, &#8222;HERBAR 13&#8220;, Zusammenarbeit als &#8222;multiple Autorenschaft&#8220; mit der Lebenshilfe Lienz, Kassel (D)<\/p>\n<p><\/p>\n<p><em><strong>Kunst im \u00f6ffentlichen Raum:<\/strong> <\/em><\/p>\n<p>2023\/24 Co:Co <em>KinderkKunstlLabor, St. P\u00f6lten, <\/em>Ki\u00f6R- N\u00d6<\/p>\n<p>2020 Welle, Mond und Zaun, Platz der Kinderrechte, K\u00d6R Wien<\/p>\n<p>2017 \u201eSchwemmen\u201c Sitzskulptur, Kunst im \u00f6ffentlichen Raum N\u00d6<\/p>\n<p>2013\/14&nbsp;\u201ewir wollen BMX\u201c Paradise \u2013 Enterprise Judenburg (A), im Rahmen von Paradise Enterprise, transparadiso (Barbara Holub\/ Paul Rajakovics)<\/p>\n<p>2013 Choreografie einer Landschaft. 12 Projekte f\u00fcr den Bergpark Lohberg, Dinslaken,<\/p>\n<p>2004 Neun wilde G\u00e4rten auf dem Gel\u00e4nde der Kartause Ittingen mit Studierenden der TU Wien<\/p>\n<p>1997 Kommt zur Kunst. Kunst im \u00f6ffentlichen Raum in Langenhagen<\/p>\n<p><\/p>\n<p><strong><u>Auszeichnungen<\/u><\/strong><\/p>\n<p>1991 Chicago-Stipendium des Bundesministeriums f\u00fcr Unterricht und Kunst<\/p>\n<p>1994\/95 DAAD-Stipendium, Berlin<\/p>\n<p>2009 Ehrenpreis des Landes Nieder\u00f6sterreich<\/p>\n<p><\/p>\n<p>Buchherausgabe mit Barbara Holub, planning unplanned, Verlag f\u00fcr moderne Kunst 2015. Buchherausgabe mit Barbara Holub, Plattform f\u00fcr Streitreden, K\u00d6R Wien 2020<\/p>\n<p><\/p>\n<p><a href=\"https:\/\/kunst.tuwien.ac.at\/\">http:\/\/kunst1.tuwien.ac.at\/<\/a><\/p>\n<p><a href=\"https:\/\/urban-matters.org\/\">http:\/\/urban-matters.org\/<\/a><\/p>\n<p><a href=\"https:\/\/www.martinjanda.at\/de\/kuenstler\/christine-irene-hohenbuechler\/werke\/\">https:\/\/www.martinjanda.at\/de\/kuenstler\/christine-irene-hohenbuechler\/werke\/<\/a><\/p>\n<p><a href=\"https:\/\/koernoe.at\/de\/projekte?q=Hohenb%C3%BCchler\">https:\/\/koernoe.at\/de\/projekte?q=Hohenb%C3%BCchler<\/a><\/p>\n<p><a href=\"https:\/\/de.wikipedia.org\/wiki\/Christine_und_Irene_Hohenb%C3%BCchler\">https:\/\/de.wikipedia.org\/wiki\/Christine_und_Irene_Hohenb%C3%BCchler<\/a><\/p>\n<p><strong>&nbsp;<\/strong><\/p>","protected":false},"excerpt":{"rendered":"<p>Lorem ipsum dolor sit amet, consetetur sadipscing elitr, sed diam nonumy eirmod tempor invidunt ut labore et dolore magna aliquyamed diam nonumy eirmod tempor invidunt.<\/p>\n","protected":false},"author":1,"featured_media":0,"comment_status":"open","ping_status":"open","sticky":false,"template":"","format":"standard","meta":[],"categories":[4],"tags":[],"acf":[],"_links":{"self":[{"href":"https:\/\/zvsweb02.kunst.tuwien.ac.at\/index.php?rest_route=\/wp\/v2\/posts\/473"}],"collection":[{"href":"https:\/\/zvsweb02.kunst.tuwien.ac.at\/index.php?rest_route=\/wp\/v2\/posts"}],"about":[{"href":"https:\/\/zvsweb02.kunst.tuwien.ac.at\/index.php?rest_route=\/wp\/v2\/types\/post"}],"author":[{"embeddable":true,"href":"https:\/\/zvsweb02.kunst.tuwien.ac.at\/index.php?rest_route=\/wp\/v2\/users\/1"}],"replies":[{"embeddable":true,"href":"https:\/\/zvsweb02.kunst.tuwien.ac.at\/index.php?rest_route=%2Fwp%2Fv2%2Fcomments&post=473"}],"version-history":[{"count":12,"href":"https:\/\/zvsweb02.kunst.tuwien.ac.at\/index.php?rest_route=\/wp\/v2\/posts\/473\/revisions"}],"predecessor-version":[{"id":5372,"href":"https:\/\/zvsweb02.kunst.tuwien.ac.at\/index.php?rest_route=\/wp\/v2\/posts\/473\/revisions\/5372"}],"wp:attachment":[{"href":"https:\/\/zvsweb02.kunst.tuwien.ac.at\/index.php?rest_route=%2Fwp%2Fv2%2Fmedia&parent=473"}],"wp:term":[{"taxonomy":"category","embeddable":true,"href":"https:\/\/zvsweb02.kunst.tuwien.ac.at\/index.php?rest_route=%2Fwp%2Fv2%2Fcategories&post=473"},{"taxonomy":"post_tag","embeddable":true,"href":"https:\/\/zvsweb02.kunst.tuwien.ac.at\/index.php?rest_route=%2Fwp%2Fv2%2Ftags&post=473"}],"curies":[{"name":"wp","href":"https:\/\/api.w.org\/{rel}","templated":true}]}}