
{"id":4892,"date":"2022-12-21T00:26:00","date_gmt":"2022-12-20T23:26:00","guid":{"rendered":"https:\/\/zvsweb02.kunst.tuwien.ac.at\/?p=4892"},"modified":"2024-10-02T15:39:06","modified_gmt":"2024-10-02T13:39:06","slug":"bodenverbrauch-das-versiegelte-land","status":"publish","type":"post","link":"https:\/\/zvsweb02.kunst.tuwien.ac.at\/?p=4892","title":{"rendered":"Das versiegelte Land"},"content":{"rendered":"\n<figure class=\"wp-block-image size-large\"><img loading=\"lazy\" width=\"428\" height=\"600\" src=\"https:\/\/zvsweb02.kunst.tuwien.ac.at\/wp-content\/uploads\/2023\/08\/Screenshot-2023-08-02-001013-428x600.jpg\" alt=\"\" class=\"wp-image-4893\" srcset=\"https:\/\/zvsweb02.kunst.tuwien.ac.at\/wp-content\/uploads\/2023\/08\/Screenshot-2023-08-02-001013-428x600.jpg 428w, https:\/\/zvsweb02.kunst.tuwien.ac.at\/wp-content\/uploads\/2023\/08\/Screenshot-2023-08-02-001013-214x300.jpg 214w, https:\/\/zvsweb02.kunst.tuwien.ac.at\/wp-content\/uploads\/2023\/08\/Screenshot-2023-08-02-001013-768x1076.jpg 768w, https:\/\/zvsweb02.kunst.tuwien.ac.at\/wp-content\/uploads\/2023\/08\/Screenshot-2023-08-02-001013-357x500.jpg 357w, https:\/\/zvsweb02.kunst.tuwien.ac.at\/wp-content\/uploads\/2023\/08\/Screenshot-2023-08-02-001013-36x50.jpg 36w, https:\/\/zvsweb02.kunst.tuwien.ac.at\/wp-content\/uploads\/2023\/08\/Screenshot-2023-08-02-001013.jpg 779w\" sizes=\"(max-width: 428px) 100vw, 428px\" \/><\/figure>\n\n\n\n<p>Im Wintersemester 2022 nahm die Lehrveranstaltung \u201eSubjektive R\u00e4ume\/Raumutopien\u201c<br>am Institut f\u00fcr Kunst und Gestaltung 1 unter der Leitung von Nicolas Rivero Conesa das<br>Thema \u201eBodenverbrauch\u201c zum Anlass, die Auswirkungen der exorbitanten Fl\u00e4chennutzung<br>und die Versiegelung des Bodens in \u00d6sterreich unter die Lupe zu nehmen.<\/p>\n\n\n\n<p><br>Die \u00f6kologischen Folgen der Bodenversiegelung gehen \u00fcber die Erw\u00e4rmung des lokalen Klimas<br>hinaus: der Boden wird \u00fcber viele Jahre unfruchtbar, Extremwetterereignisse werden<br>verst\u00e4rkt und der Gasaustausch mit der Atmosph\u00e4re unterbunden. Ein nachhaltiges Bodenmanagement<br>ist laut IPCC ein wichtiger Bestandteil unserer Bem\u00fchungen, den Klimawandel<br>zu beschr\u00e4nken.<\/p>\n\n\n\n<p><br>Im Rahmen der Lehrveranstaltung wurden Ideen gesucht, um bestehende Fehlentwicklungen<br>zu korrigieren, zuk\u00fcnftige zu vermeiden und die Bodenversiegelung sprichw\u00f6rtlich<br>aufzubrechen. Diese Projekte sollten in kurzen Geschichten und immersiven Beitr\u00e4gen in<br>Comicform illustriert werden. Das Ergebnis sind Erkl\u00e4r-Comics, immersive Geschichten, Bauanleitungen<br>etc., die auf innovative, kreative und kritische Weise Positionen zur Bodenversiegelung<br>darstellen. Individuelle Entw\u00fcrfe sollten so, mit unterschiedlichen Darstellungsmethoden,<br>zeichnerisch realisiert werden.<\/p>\n\n\n\n<p><br>Das Medium Comic erm\u00f6glicht eine tiefere und intimere Erfahrung der Optionen. Themarelevante<br>Arbeiten sowie das Medium Comic selbst &#8211; wurden vorgestellt, Zeichentechniken,<br>Stile und Storyboardtypen wurden besprochen. Die perspektivische und r\u00e4umliche Darstellung<br>stand bei der Ausarbeitung der Projekte im Vordergrund.<\/p>\n\n\n\n<p><br>Im Rahmen der Lehrveranstaltung gab es einen Gastvortrag mit anschlie\u00dfender Diskussion<br>von Katharina Ritter (AzW, Architekturzentrum Wien). Sie pr\u00e4sentierte ausgew\u00e4hlte Bereiche<br>und themenverwandte Publikationen der Wanderausstellung \u201eBoden f\u00fcr alle\u201c des<br>Architekturzentrums Wien.<\/p>\n\n\n\n<p><br>Die Skizzen entstanden vorwiegend mit Zeichenwerkzeugen auf Papier. Das Zeichenmaterial<br>bestand aus Papier (A3\/A4), Bleistifte (HB, B, 2B, 4B). Eine Vielzahl unterschiedlicher Techniken<br>(Wasserfarben, Gouache, Marker etc. oder digitale Zeichentools wie iPads oder Cintiqs)<br>wurden f\u00fcr die finale Ausarbeitung verwendet.<\/p>\n\n\n\n<div class=\"wp-block-file\"><a href=\"https:\/\/zvsweb02.kunst.tuwien.ac.at\/wp-content\/uploads\/2023\/08\/Bodenverbrauch-Das-versiegelte-Land-Komprimiert.pdf\">Bodenverbrauch-Das-versiegelte-Land-Komprimiert<\/a><\/div>\n","protected":false},"excerpt":{"rendered":"<p>Die Lehrveranstaltung \u201eSubjektive R\u00e4ume\/Raumutopien\u201c<br \/>\nam Institut f\u00fcr Kunst und Gestaltung 1, nahm das Thema \u201eStadt<\/p>\n","protected":false},"author":3,"featured_media":4893,"comment_status":"open","ping_status":"open","sticky":true,"template":"","format":"standard","meta":[],"categories":[6],"tags":[],"acf":[],"_links":{"self":[{"href":"https:\/\/zvsweb02.kunst.tuwien.ac.at\/index.php?rest_route=\/wp\/v2\/posts\/4892"}],"collection":[{"href":"https:\/\/zvsweb02.kunst.tuwien.ac.at\/index.php?rest_route=\/wp\/v2\/posts"}],"about":[{"href":"https:\/\/zvsweb02.kunst.tuwien.ac.at\/index.php?rest_route=\/wp\/v2\/types\/post"}],"author":[{"embeddable":true,"href":"https:\/\/zvsweb02.kunst.tuwien.ac.at\/index.php?rest_route=\/wp\/v2\/users\/3"}],"replies":[{"embeddable":true,"href":"https:\/\/zvsweb02.kunst.tuwien.ac.at\/index.php?rest_route=%2Fwp%2Fv2%2Fcomments&post=4892"}],"version-history":[{"count":4,"href":"https:\/\/zvsweb02.kunst.tuwien.ac.at\/index.php?rest_route=\/wp\/v2\/posts\/4892\/revisions"}],"predecessor-version":[{"id":5410,"href":"https:\/\/zvsweb02.kunst.tuwien.ac.at\/index.php?rest_route=\/wp\/v2\/posts\/4892\/revisions\/5410"}],"wp:featuredmedia":[{"embeddable":true,"href":"https:\/\/zvsweb02.kunst.tuwien.ac.at\/index.php?rest_route=\/wp\/v2\/media\/4893"}],"wp:attachment":[{"href":"https:\/\/zvsweb02.kunst.tuwien.ac.at\/index.php?rest_route=%2Fwp%2Fv2%2Fmedia&parent=4892"}],"wp:term":[{"taxonomy":"category","embeddable":true,"href":"https:\/\/zvsweb02.kunst.tuwien.ac.at\/index.php?rest_route=%2Fwp%2Fv2%2Fcategories&post=4892"},{"taxonomy":"post_tag","embeddable":true,"href":"https:\/\/zvsweb02.kunst.tuwien.ac.at\/index.php?rest_route=%2Fwp%2Fv2%2Ftags&post=4892"}],"curies":[{"name":"wp","href":"https:\/\/api.w.org\/{rel}","templated":true}]}}