
{"id":5045,"date":"2023-10-30T19:39:55","date_gmt":"2023-10-30T18:39:55","guid":{"rendered":"https:\/\/zvsweb02.kunst.tuwien.ac.at\/?p=5045"},"modified":"2024-09-12T13:25:02","modified_gmt":"2024-09-12T11:25:02","slug":"hope","status":"publish","type":"post","link":"https:\/\/zvsweb02.kunst.tuwien.ac.at\/?p=5045","title":{"rendered":"HOPE Raumlabor"},"content":{"rendered":"\n<div class=\"wp-block-image\"><figure class=\"alignleft size-large is-resized\"><img loading=\"lazy\" src=\"https:\/\/zvsweb02.kunst.tuwien.ac.at\/wp-content\/uploads\/2023\/10\/000_Schule_materialkoffer-1-424x600.jpg\" alt=\"\" class=\"wp-image-5047\" width=\"216\" height=\"306\" srcset=\"https:\/\/zvsweb02.kunst.tuwien.ac.at\/wp-content\/uploads\/2023\/10\/000_Schule_materialkoffer-1-424x600.jpg 424w, https:\/\/zvsweb02.kunst.tuwien.ac.at\/wp-content\/uploads\/2023\/10\/000_Schule_materialkoffer-1-212x300.jpg 212w, https:\/\/zvsweb02.kunst.tuwien.ac.at\/wp-content\/uploads\/2023\/10\/000_Schule_materialkoffer-1-768x1086.jpg 768w, https:\/\/zvsweb02.kunst.tuwien.ac.at\/wp-content\/uploads\/2023\/10\/000_Schule_materialkoffer-1-1086x1536.jpg 1086w, https:\/\/zvsweb02.kunst.tuwien.ac.at\/wp-content\/uploads\/2023\/10\/000_Schule_materialkoffer-1-1448x2048.jpg 1448w, https:\/\/zvsweb02.kunst.tuwien.ac.at\/wp-content\/uploads\/2023\/10\/000_Schule_materialkoffer-1-353x500.jpg 353w, https:\/\/zvsweb02.kunst.tuwien.ac.at\/wp-content\/uploads\/2023\/10\/000_Schule_materialkoffer-1-35x50.jpg 35w, https:\/\/zvsweb02.kunst.tuwien.ac.at\/wp-content\/uploads\/2023\/10\/000_Schule_materialkoffer-1-scaled.jpg 1810w\" sizes=\"(max-width: 216px) 100vw, 216px\" \/><\/figure><\/div>\n\n\n\n<p>HOPE Raumlabor # Bildungslandschaften im Klimawandel<\/p>\n\n\n\n<p><br><em>Gef\u00f6rdert im Rahmen der Ausschreibung Co-Creation-Spaces Klima &amp; Energie 2022 des Klima- &amp; Energiefonds<\/em><\/p>\n\n\n\n<p>Programm: <strong>Junge Talente f\u00fcr die Energiewende<\/strong><br>Ausschreibung:<a href=\"https:\/\/www.ffg.at\/ausschreibungen\/CoCreationSpacesKlimaundEnergie2022\"> Co-Creation-Spaces Klima &amp; Energie 2022<\/a><\/p>\n\n\n\n<p><br>Gef\u00f6rderte Betreiberorganisation: Technische Universit\u00e4t Wien Institut f\u00fcr Kunst und Gestaltung<br>Geplanter Projektstart: 01.11.2023<br>Laufzeit: 48 Monate<\/p>\n\n\n\n<p><br><\/p>\n\n\n\n<p><strong>Kurzbeschreibung des Vorhabens<\/strong><\/p>\n\n\n\n<p><br>Aufbau und Betrieb eines mobilen modularen co-kreativ geplanten und umgesetzten Raumlabors f\u00fcr k\u00fcnstlerische Initiativen und Experimenten zu Klimaschutz und Klimawandelanpassung.<br>Die gebaute Umwelt und damit auch die Bildungseinrichtungen und Schulwege umfassen viele Faktoren, die zu Klimawandel und Artenschwund gef\u00fchrt haben. Es ist unsere Pflicht, den Kindern und Jugendlichen ein innovatives Experimentier- und Forschungs-Raumlabor zur Verf\u00fcgung zu stellen, um Probleme in ihrem direkten Umfeld zu erkennen, wahrzunehmen und um Handlungsspielr\u00e4ume und Gestaltungserfahrungen in Entstehungsprozessen zu erm\u00f6glichen. Dadurch wird Selbstbildung in Gang gesetzt, die dazu f\u00fchrt, die Energiewende proaktiv (mit)gestalten zu k\u00f6nnen.<\/p>\n\n\n\n<p><br><strong>Zielsetzung<\/strong><\/p>\n\n\n\n<p><br>Wir entwickeln HOPE als Raumlabor, das mit und von Kindern und Jugendlichen in eine utopische Bildungslandschaft verwandelt werden kann, in einen \u201ePalast der Hoffnung\u201c, der \u00fcber die geplante Projektdauer als Schulraum und Raumschule aufgebaut, umgebaut und bespielt wird. Es werden dabei gemeinsam mit Architekt<em>innen, Forscher<\/em>innen sowie Spezialist<em>innen und K\u00fcnstler<\/em>innen L\u00f6sungen f\u00fcr den Klimaschutz erarbeitet und in die Gesellschaft getragen. Dieses Experimentier-Raumlabor wird zum Living-Lab, in dem Klimaschutz und Klimawandelprozesse in r\u00e4umlichen 1:1-Modellen und mit co-kreativen Methoden direkt erforscht werden. Nachhaltige Energiesysteme in Bezug auf Architektur und Stadtplanung sowie Mobilit\u00e4t und smarte Stadtentwicklung (bspw. urbane Ma\u00dfnahmen zur Klimaanpassung) werden in au\u00dferschulischen Bildungsangeboten gemeinsam mit den Nutzer*innen erarbeitet und umgesetzt. Dabei werden unter anderem mobile themenspezifische Ausstellungsmodule entwickelt, die r\u00e4umliche und st\u00e4dtische Prozesse sowie den Einsatz und Verbrauch von (Energie-)Ressourcen sichtbar machen.<br><\/p>\n\n\n\n<p>Durch die Entwicklung der Infrastruktur und der Inhalte des Raumlabors werden die Bildungseinrichtungen und die umliegende Stadt zum \u201eMaterialkoffer\u201c, mit dem gearbeitet wird. Es entsteht ein zukunftsweisendes Labor zu den Innovationsfeldern Klimaschutz und Klimawandelanpassung, das nachhaltige Bildungsangebote f\u00fcr Kinder und Jugendliche auf Augenh\u00f6he anbietet.<\/p>\n\n\n\n<p><strong>PDF Download<\/strong><\/p>\n\n\n\n<div class=\"wp-block-file\"><a href=\"https:\/\/zvsweb02.kunst.tuwien.ac.at\/wp-content\/uploads\/2023\/10\/01_Infosheet_HOPE_BF_202310.pdf\">01_Infosheet_HOPE_BF_202310<\/a><\/div>\n","protected":false},"excerpt":{"rendered":"<p>Ausschreibung: Co-Creation-Spaces Klima &#038; Energie 2022<\/p>\n","protected":false},"author":3,"featured_media":5046,"comment_status":"open","ping_status":"open","sticky":true,"template":"","format":"standard","meta":[],"categories":[6,4,12],"tags":[],"acf":[],"_links":{"self":[{"href":"https:\/\/zvsweb02.kunst.tuwien.ac.at\/index.php?rest_route=\/wp\/v2\/posts\/5045"}],"collection":[{"href":"https:\/\/zvsweb02.kunst.tuwien.ac.at\/index.php?rest_route=\/wp\/v2\/posts"}],"about":[{"href":"https:\/\/zvsweb02.kunst.tuwien.ac.at\/index.php?rest_route=\/wp\/v2\/types\/post"}],"author":[{"embeddable":true,"href":"https:\/\/zvsweb02.kunst.tuwien.ac.at\/index.php?rest_route=\/wp\/v2\/users\/3"}],"replies":[{"embeddable":true,"href":"https:\/\/zvsweb02.kunst.tuwien.ac.at\/index.php?rest_route=%2Fwp%2Fv2%2Fcomments&post=5045"}],"version-history":[{"count":8,"href":"https:\/\/zvsweb02.kunst.tuwien.ac.at\/index.php?rest_route=\/wp\/v2\/posts\/5045\/revisions"}],"predecessor-version":[{"id":5367,"href":"https:\/\/zvsweb02.kunst.tuwien.ac.at\/index.php?rest_route=\/wp\/v2\/posts\/5045\/revisions\/5367"}],"wp:featuredmedia":[{"embeddable":true,"href":"https:\/\/zvsweb02.kunst.tuwien.ac.at\/index.php?rest_route=\/wp\/v2\/media\/5046"}],"wp:attachment":[{"href":"https:\/\/zvsweb02.kunst.tuwien.ac.at\/index.php?rest_route=%2Fwp%2Fv2%2Fmedia&parent=5045"}],"wp:term":[{"taxonomy":"category","embeddable":true,"href":"https:\/\/zvsweb02.kunst.tuwien.ac.at\/index.php?rest_route=%2Fwp%2Fv2%2Fcategories&post=5045"},{"taxonomy":"post_tag","embeddable":true,"href":"https:\/\/zvsweb02.kunst.tuwien.ac.at\/index.php?rest_route=%2Fwp%2Fv2%2Ftags&post=5045"}],"curies":[{"name":"wp","href":"https:\/\/api.w.org\/{rel}","templated":true}]}}