
{"id":5188,"date":"2024-02-29T09:38:23","date_gmt":"2024-02-29T08:38:23","guid":{"rendered":"https:\/\/zvsweb02.kunst.tuwien.ac.at\/?p=5188"},"modified":"2024-03-05T11:27:55","modified_gmt":"2024-03-05T10:27:55","slug":"subjektive-raeume-raumutopien-2023s","status":"publish","type":"post","link":"https:\/\/zvsweb02.kunst.tuwien.ac.at\/?p=5188","title":{"rendered":"Subjektive R\u00e4ume 2023S"},"content":{"rendered":"\n<p><strong>Praterateliers vs. Weit- und Gr\u00fcnblick<\/strong><\/p>\n\n\n\n<p>Im Sommersemester 2023 besch\u00e4ftigten sich Studierende im Rahmen der Lehrveranstaltung Subjektive R\u00e4ume\/Raumutopien am Institut f\u00fcr Kunst und Gestaltung 1 unter der Leitung von Desiree Palmen mit der Zukunft der Wiener Praterateliers. <\/p>\n\n\n\n<p>Die Praterateliers, bestehend aus zwei sich spiegelbildlich gegen\u00fcberliegenden Geb\u00e4uden mit dazwischen liegendem Park, wurden 1873 im historisierenden Stil der Wiener Ringstra\u00dfe errichtet. Von Anfang an beherbergten sie ohne Unterbrechung bildende Kunstschaffende. Nach 150 Jahren werden im Rahmen des Stadtentwicklungsprojekts Viertel Zwei der 120 Meter hohe B\u00fcro- und Hotelkomplex Weitblick und der Wohnblock Gr\u00fcnblick in unmittelbarer N\u00e4he des Atelierkomplexes und direkt neben der historischen Rennbahn Krieau (1878) errichtet. Au\u00dferdem werden die Praterateliers mit EU-Geldern saniert und es ist geplant, in den R\u00e4umlichkeiten ein modernes Zentrum f\u00fcr zeitgen\u00f6ssische bildende Kunst unterzubringen.<\/p>\n\n\n\n<p>Im Zuge der Lehrveranstaltung fand eine Exkursion zu den Praterateliers, der Trabrennbahn Krieau und dem Viertel Zwei statt. Im Anschluss daran und mit Hilfe von Zeitungsartikeln, Fernsehsendungen und Online-Recherchen, z. B. \u00fcber den Immobilienentwickler Value One, stellten sich die Studierenden vor, welche Auswirkungen diese Ver\u00e4nderungen auf das Gebiet haben k\u00f6nnte, das seit 150 Jahren unangetastet war.<\/p>\n\n\n\n<p>In den Blickpunkt r\u00fcckten Themen wie die Verbindung von Menschen, Dingen und Geb\u00e4uden mit einem Ort, die Ausbeutung durch Bautr\u00e4ger*innen<em>, <\/em>die K\u00fcnstler*innenschaft, die Kommunikation zwischen alten und neuen Bewohner*innen\/K\u00fcnstler*innen, der Umgang mit finanziellen Mitteln f\u00fcr die Renovierung der Atelierr\u00e4ume und die Tiere, die sich in und um die Praterateliers angesiedelt haben.<\/p>\n\n\n\n<p>Diese Themen bildeten die Grundlage f\u00fcr die Erstellung von Bildergeschichten, die mit Bleistift und\/oder Feder, in Schwarz-Wei\u00df oder in Farbe gezeichnet wurden, ein sogenanntes Flip Book, das, auf Papier gezeichnet und mit Foldbacklammern zusammengef\u00fcgt oder als Video pr\u00e4sentiert wurde, Comic-Zeichnungen, die nach einem Start auf Papier aufgrund der Vorteile digitaler Zeichenwerkzeuge recht schnell digital auf einem iPad fortgesetzt wurden, Kohlezeichnungen, die eingescannt und zu einem Cartoon mit Sprechblasen zusammengef\u00fcgt wurden, ein Video mit Fotos, Zeichnungen und KI-Sprachgenerator-Voiceover und ein handfestes Buch mit Zeichnungen auf Papier im Wechsel mit Transparentpapier, mit Text aus einem sogenannten Pr\u00e4geger\u00e4t und einem quasi-amtlich anmutenden Brief der Stadt Wien.<\/p>\n\n\n\n<p>Ergebnisse der Studierendenarbeiten des Kurses <a href=\"https:\/\/tiss.tuwien.ac.at\/course\/courseDetails.xhtml?courseNr=264123&amp;semester=2023S&amp;dswid=9523&amp;dsrid=384\">264.123&nbsp;Subjektive R\u00e4ume \/ Raumutopien <\/a>als Comic-Publikation findet ihr hier:<\/p>\n\n\n\n<div class=\"wp-block-file\"><object class=\"wp-block-file__embed\" data=\"https:\/\/zvsweb02.kunst.tuwien.ac.at\/wp-content\/uploads\/2024\/02\/Subjektive-Raeume-SS23-Druckboegen_compressed.pdf\" type=\"application\/pdf\" style=\"width:100%;height:600px\" aria-label=\"Embed of Subjektive R\u00e4ume Praterateliers Druck\u00f6gen PDF.\"><\/object><a href=\"https:\/\/zvsweb02.kunst.tuwien.ac.at\/wp-content\/uploads\/2024\/02\/Subjektive-Raeume-SS23-Druckboegen_compressed.pdf\" target=\"_blank\" rel=\"noreferrer noopener\">Subjektive R\u00e4ume Praterateliers Druck\u00f6gen PDF<\/a><\/div>\n","protected":false},"excerpt":{"rendered":"<p>Comicpublikation der Studierendenarbeiten zum Thema Praterateliers<\/p>\n","protected":false},"author":3,"featured_media":5192,"comment_status":"open","ping_status":"open","sticky":true,"template":"","format":"standard","meta":[],"categories":[6],"tags":[],"acf":[],"_links":{"self":[{"href":"https:\/\/zvsweb02.kunst.tuwien.ac.at\/index.php?rest_route=\/wp\/v2\/posts\/5188"}],"collection":[{"href":"https:\/\/zvsweb02.kunst.tuwien.ac.at\/index.php?rest_route=\/wp\/v2\/posts"}],"about":[{"href":"https:\/\/zvsweb02.kunst.tuwien.ac.at\/index.php?rest_route=\/wp\/v2\/types\/post"}],"author":[{"embeddable":true,"href":"https:\/\/zvsweb02.kunst.tuwien.ac.at\/index.php?rest_route=\/wp\/v2\/users\/3"}],"replies":[{"embeddable":true,"href":"https:\/\/zvsweb02.kunst.tuwien.ac.at\/index.php?rest_route=%2Fwp%2Fv2%2Fcomments&post=5188"}],"version-history":[{"count":5,"href":"https:\/\/zvsweb02.kunst.tuwien.ac.at\/index.php?rest_route=\/wp\/v2\/posts\/5188\/revisions"}],"predecessor-version":[{"id":5217,"href":"https:\/\/zvsweb02.kunst.tuwien.ac.at\/index.php?rest_route=\/wp\/v2\/posts\/5188\/revisions\/5217"}],"wp:featuredmedia":[{"embeddable":true,"href":"https:\/\/zvsweb02.kunst.tuwien.ac.at\/index.php?rest_route=\/wp\/v2\/media\/5192"}],"wp:attachment":[{"href":"https:\/\/zvsweb02.kunst.tuwien.ac.at\/index.php?rest_route=%2Fwp%2Fv2%2Fmedia&parent=5188"}],"wp:term":[{"taxonomy":"category","embeddable":true,"href":"https:\/\/zvsweb02.kunst.tuwien.ac.at\/index.php?rest_route=%2Fwp%2Fv2%2Fcategories&post=5188"},{"taxonomy":"post_tag","embeddable":true,"href":"https:\/\/zvsweb02.kunst.tuwien.ac.at\/index.php?rest_route=%2Fwp%2Fv2%2Ftags&post=5188"}],"curies":[{"name":"wp","href":"https:\/\/api.w.org\/{rel}","templated":true}]}}