
{"id":5692,"date":"2026-04-13T12:15:21","date_gmt":"2026-04-13T10:15:21","guid":{"rendered":"https:\/\/zvsweb02.kunst.tuwien.ac.at\/?p=5692"},"modified":"2026-04-17T10:54:46","modified_gmt":"2026-04-17T08:54:46","slug":"re-what-kreise-denken-zukunft-lenken-ausstellung-an-der-tu-wien-und-der-universitaet-fuer-angewandte-kunst-klasse-fuer-alle-27-01-13-02-2026","status":"publish","type":"post","link":"https:\/\/zvsweb02.kunst.tuwien.ac.at\/?p=5692","title":{"rendered":"RE&#8230;What? &#8211; Ausstellung"},"content":{"rendered":"\n<p>RE\u2026What? &#8211; Kreise denken, Zukunft lenken<\/p>\n\n\n\n<p>Ausstellung an der TU Wien und der Universit\u00e4t f\u00fcr Angewandte Kunst, Klasse f\u00fcr alle 27.01.-13.02.2026<\/p>\n\n\n\n<p>In der Ausstellung wurden verschiedenste Facetten betrachtet, Kreisl\u00e4ufe der Produktion oder des Konsums ebenso wie nat\u00fcrliche Kreisl\u00e4ufe. Diese wurden in interaktiven Stationen und Kunstwerken von Studierenden der TU Wien und der Angewandten aufbereitet. In zwei Ausstellungsr\u00e4umen an den beiden Universit\u00e4ten gab es f\u00fcr Sch\u00fcler*innen viel zu lernen und entdecken, auszuprobieren und mitzugestalten.<\/p>\n\n\n\n<div class=\"wp-block-file\"><object class=\"wp-block-file__embed\" data=\"https:\/\/zvsweb02.kunst.tuwien.ac.at\/wp-content\/uploads\/2026\/04\/booklet_testdruck_einzelseiten.pdf\" type=\"application\/pdf\" style=\"width:100%;height:773px\" aria-label=\"Embed of Download: Booklet zur Ausstellung.\"><\/object><a href=\"https:\/\/zvsweb02.kunst.tuwien.ac.at\/wp-content\/uploads\/2026\/04\/booklet_testdruck_einzelseiten.pdf\">Download: Booklet zur Ausstellung<\/a><\/div>\n\n\n\n<p><strong>Zur vorangehenden Lehrveranstaltung: K\u00fcnstlerisches Projekt Cultural Collisions 2026<\/strong><\/p>\n\n\n\n<p>Die Lehrveranstaltung besch\u00e4ftigte sich mit der Kuration einer Ausstellung im Schnittfeld von Arts, Science and Education. Dabei sollten klimarelevante Themen in anregender Weise f\u00fcr Sch\u00fcler*innen im Alter von 12-14 Jahren aufbereitet und zug\u00e4nglich gemacht werden. Fakult\u00e4ts\u00fcbergreifend wurden in mehreren Lehrveranstaltungen, neben dem Ausstellungskonzept und deren Stationen und Elementen, auch das Begleitprogramm in Form von F\u00fchrungen, Exkursionen, Workshops und Lectures erarbeitet. Dabei ging es immer um eine spielerische, experimentelle Auseinandersetzung mit dem Rahmenthema und um Ankn\u00fcpfungspunkte f\u00fcr die individuelle Weiterentwicklung der Bildungsarbeit in den teilnehmenden Schulen. Die Ausstellung inkl. Begleitprogramm ist&nbsp;f\u00fcr eine auf 5 Jahre&nbsp;wachsende Ausstellung konzipiert.&nbsp;<\/p>\n\n\n\n<p>Das k\u00fcnstlerische Projekt dient in erster Linie dazu, mit dem existierenden modularen Stellagen System ein Ausstellungskonzept und -design zu entwickeln, welches variabel verwendbar ist und f\u00fcr die Darstellung unterschiedlicher Ausstellungsinhalte dienen kann. Dar\u00fcber hinaus sollen einzelne Ausstellungselemente mobil in anderen r\u00e4umlichen Settings einsetzbar sein.&nbsp;<strong>Thema des Wintersemesters 2025-26: Kreislaufwirtschaft<\/strong><\/p>\n","protected":false},"excerpt":{"rendered":"<p>Eindr\u00fccke zur Ausstellung &#8222;RE&#8230;What? &#8211; Kreise denken, Zukunft lenken&#8220;<\/p>\n","protected":false},"author":3,"featured_media":5699,"comment_status":"open","ping_status":"open","sticky":true,"template":"","format":"standard","meta":[],"categories":[17,20],"tags":[],"acf":[],"_links":{"self":[{"href":"https:\/\/zvsweb02.kunst.tuwien.ac.at\/index.php?rest_route=\/wp\/v2\/posts\/5692"}],"collection":[{"href":"https:\/\/zvsweb02.kunst.tuwien.ac.at\/index.php?rest_route=\/wp\/v2\/posts"}],"about":[{"href":"https:\/\/zvsweb02.kunst.tuwien.ac.at\/index.php?rest_route=\/wp\/v2\/types\/post"}],"author":[{"embeddable":true,"href":"https:\/\/zvsweb02.kunst.tuwien.ac.at\/index.php?rest_route=\/wp\/v2\/users\/3"}],"replies":[{"embeddable":true,"href":"https:\/\/zvsweb02.kunst.tuwien.ac.at\/index.php?rest_route=%2Fwp%2Fv2%2Fcomments&post=5692"}],"version-history":[{"count":4,"href":"https:\/\/zvsweb02.kunst.tuwien.ac.at\/index.php?rest_route=\/wp\/v2\/posts\/5692\/revisions"}],"predecessor-version":[{"id":5708,"href":"https:\/\/zvsweb02.kunst.tuwien.ac.at\/index.php?rest_route=\/wp\/v2\/posts\/5692\/revisions\/5708"}],"wp:featuredmedia":[{"embeddable":true,"href":"https:\/\/zvsweb02.kunst.tuwien.ac.at\/index.php?rest_route=\/wp\/v2\/media\/5699"}],"wp:attachment":[{"href":"https:\/\/zvsweb02.kunst.tuwien.ac.at\/index.php?rest_route=%2Fwp%2Fv2%2Fmedia&parent=5692"}],"wp:term":[{"taxonomy":"category","embeddable":true,"href":"https:\/\/zvsweb02.kunst.tuwien.ac.at\/index.php?rest_route=%2Fwp%2Fv2%2Fcategories&post=5692"},{"taxonomy":"post_tag","embeddable":true,"href":"https:\/\/zvsweb02.kunst.tuwien.ac.at\/index.php?rest_route=%2Fwp%2Fv2%2Ftags&post=5692"}],"curies":[{"name":"wp","href":"https:\/\/api.w.org\/{rel}","templated":true}]}}