
{"id":5704,"date":"2026-04-17T10:53:51","date_gmt":"2026-04-17T08:53:51","guid":{"rendered":"https:\/\/zvsweb02.kunst.tuwien.ac.at\/?p=5704"},"modified":"2026-04-17T10:55:10","modified_gmt":"2026-04-17T08:55:10","slug":"4elements-festival","status":"publish","type":"post","link":"https:\/\/zvsweb02.kunst.tuwien.ac.at\/?p=5704","title":{"rendered":"4Elements-Festival"},"content":{"rendered":"\n<figure class=\"wp-block-image size-large is-resized\"><img loading=\"lazy\" src=\"https:\/\/zvsweb02.kunst.tuwien.ac.at\/wp-content\/uploads\/2026\/04\/HOPE-Raumlabor_4Elements-Festival_c_HOPE-Raumlabor-Luca-Bruggeman-s-1-600x414.jpg\" alt=\"\" class=\"wp-image-5706\" width=\"834\" height=\"575\" srcset=\"https:\/\/zvsweb02.kunst.tuwien.ac.at\/wp-content\/uploads\/2026\/04\/HOPE-Raumlabor_4Elements-Festival_c_HOPE-Raumlabor-Luca-Bruggeman-s-1-600x414.jpg 600w, https:\/\/zvsweb02.kunst.tuwien.ac.at\/wp-content\/uploads\/2026\/04\/HOPE-Raumlabor_4Elements-Festival_c_HOPE-Raumlabor-Luca-Bruggeman-s-1-300x207.jpg 300w, https:\/\/zvsweb02.kunst.tuwien.ac.at\/wp-content\/uploads\/2026\/04\/HOPE-Raumlabor_4Elements-Festival_c_HOPE-Raumlabor-Luca-Bruggeman-s-1-768x530.jpg 768w, https:\/\/zvsweb02.kunst.tuwien.ac.at\/wp-content\/uploads\/2026\/04\/HOPE-Raumlabor_4Elements-Festival_c_HOPE-Raumlabor-Luca-Bruggeman-s-1-1536x1059.jpg 1536w, https:\/\/zvsweb02.kunst.tuwien.ac.at\/wp-content\/uploads\/2026\/04\/HOPE-Raumlabor_4Elements-Festival_c_HOPE-Raumlabor-Luca-Bruggeman-s-1-500x345.jpg 500w, https:\/\/zvsweb02.kunst.tuwien.ac.at\/wp-content\/uploads\/2026\/04\/HOPE-Raumlabor_4Elements-Festival_c_HOPE-Raumlabor-Luca-Bruggeman-s-1-50x34.jpg 50w, https:\/\/zvsweb02.kunst.tuwien.ac.at\/wp-content\/uploads\/2026\/04\/HOPE-Raumlabor_4Elements-Festival_c_HOPE-Raumlabor-Luca-Bruggeman-s-1.jpg 2000w\" sizes=\"(max-width: 834px) 100vw, 834px\" \/><\/figure>\n\n\n\n<p>Zeit \u2192&nbsp;Dienstag, 21.4., 11:00-13:00 Uhr &amp;&nbsp;Mittwoch, 22.4., 14:00-16:00 Uhr<br>Ort \u2192&nbsp;Resselpark am Karlsplatz (Teich), 1040 Wien<\/p>\n\n\n\n<p>Das 4Elements-Festival kn\u00fcpft an die vier Grundelemente an, die im Rahmen der Klima Biennale Wien 2026 f\u00fcr die Installation KAORLE AM KARLSPLATZ von Margot Pilz et al. verwendet werden: Sand (Erde), Teich (Wasser), Atmosph\u00e4re (Luft) und Sonne (Energie).<br><br>Vier Input- und Gespr\u00e4chsrunden geben den Elementen eine Stimme, um f\u00fcr sie im Zusammenhang mit Klimaschutz und Klimawandelanpassung zu sprechen. Jugendliche und junge Erwachsene diskutieren mit fachlichen Expert:innen aus dem femTUconnect-Netzwerk der TU Wien und K\u00fcnstler:innen. Das HOPErad und eine Plakatausstellung der diskutierten Themen bilden daf\u00fcr einen tempor\u00e4ren Raum und inhaltlichen Rahmen.<\/p>\n\n\n\n<p>Organisiert wird das kleine 4Elements-Festival durch das HOPE-Raumlabor, Institut f\u00fcr Kunst und Gestaltung1, TU Wien<br><br>Programm<br><br><strong>Dienstag &#8211; 21. April<\/strong><br><br>11:00 Boden. Ein blinder Fleck der Kreislaufwirtschaft<br>&#8211; Thomas Romm: Mudman Performance<\/p>\n\n\n\n<p>forschen planen bauen &#8211; Romm ZT<br>&#8211; Sebastian Hafner<\/p>\n\n\n\n<p>forschen planen bauen &#8211; Romm ZT<br>&#8211; Sara Neuburg: Abfall und Erde. Gute Seiten, schlechte Seiten<\/p>\n\n\n\n<p>Forschungsbereich Abfallwirtschaft und Ressourcenmanagement TU Wien<br>&#8211; Sch\u00fcler:innen des BRG9 &#8211; Klimaclub: Boden in Gefahr!<br>Moderation: Lisa Sch\u00f6nb\u00f6ck Architects4Future Austria<br><br>12:00 LUFT<br>&#8211; Liddy Scheffknecht: Luft. Atmosph\u00e4re als geteilter Raum<\/p>\n\n\n\n<p>K\u00fcnstlerin, Kulturwissenschaften, die Angewandte<br>&#8211; Doris Avram: Luft zum Denken<\/p>\n\n\n\n<p>&#8211; Experimentierfeld TU Wien &#8211; Luca Bruggeman<\/p>\n\n\n\n<p>Student der Fakult\u00e4t f\u00fcr Architektur und Raumplanung<br>Moderation: Karin Harather BibLab TU Wien&nbsp;<\/p>\n\n\n\n<p><strong>Mittwoch &#8211; 22. <\/strong><strong>April<\/strong><br><br>14:00 WASSER<br>\u2022 Gabriele Sturm: The Last Drop? How forests and wetlands attract rain<\/p>\n\n\n\n<p>K\u00fcnstlerin<br>\u2022 Lotta Steger: Wasser ist (k)ein Luxusgut<\/p>\n\n\n\n<p>Forschungsbereich Landschaftsarchitektur und Landschaftsplanung<br>\u2022 Sch\u00fcler:innen der 7A BRG\/BORG II Lessinggasse<br>Moderation: Inge Manka HOPE Raumlabor TU Wien<\/p>\n\n\n\n<p><br>15:00 FEUER<br>&#8211; Judith Fegerl: sunset patterns. rewriting solar history<\/p>\n\n\n\n<p>K\u00fcnstlerin, TransArts, di Angewandte<br>&#8211; Ulli Herbig: Agrarphotovoltaik. Energie und Landwirtschaft gemeinsam<\/p>\n\n\n\n<p>Forschungsbereich Baugeschichte und Bauforschung<br>&#8211; Sch\u00fcler:innen der 5. Klasse BG\/BRG Rainergymnasium<br>Moderation: Christine Hohenb\u00fcchler Kunst und Gestaltung1 TU Wien<\/p>\n","protected":false},"excerpt":{"rendered":"<p>Einladung zum 4Elements Festival am Karlsplatz <\/p>\n","protected":false},"author":3,"featured_media":5705,"comment_status":"open","ping_status":"open","sticky":true,"template":"","format":"standard","meta":[],"categories":[6],"tags":[],"acf":[],"_links":{"self":[{"href":"https:\/\/zvsweb02.kunst.tuwien.ac.at\/index.php?rest_route=\/wp\/v2\/posts\/5704"}],"collection":[{"href":"https:\/\/zvsweb02.kunst.tuwien.ac.at\/index.php?rest_route=\/wp\/v2\/posts"}],"about":[{"href":"https:\/\/zvsweb02.kunst.tuwien.ac.at\/index.php?rest_route=\/wp\/v2\/types\/post"}],"author":[{"embeddable":true,"href":"https:\/\/zvsweb02.kunst.tuwien.ac.at\/index.php?rest_route=\/wp\/v2\/users\/3"}],"replies":[{"embeddable":true,"href":"https:\/\/zvsweb02.kunst.tuwien.ac.at\/index.php?rest_route=%2Fwp%2Fv2%2Fcomments&post=5704"}],"version-history":[{"count":2,"href":"https:\/\/zvsweb02.kunst.tuwien.ac.at\/index.php?rest_route=\/wp\/v2\/posts\/5704\/revisions"}],"predecessor-version":[{"id":5709,"href":"https:\/\/zvsweb02.kunst.tuwien.ac.at\/index.php?rest_route=\/wp\/v2\/posts\/5704\/revisions\/5709"}],"wp:featuredmedia":[{"embeddable":true,"href":"https:\/\/zvsweb02.kunst.tuwien.ac.at\/index.php?rest_route=\/wp\/v2\/media\/5705"}],"wp:attachment":[{"href":"https:\/\/zvsweb02.kunst.tuwien.ac.at\/index.php?rest_route=%2Fwp%2Fv2%2Fmedia&parent=5704"}],"wp:term":[{"taxonomy":"category","embeddable":true,"href":"https:\/\/zvsweb02.kunst.tuwien.ac.at\/index.php?rest_route=%2Fwp%2Fv2%2Fcategories&post=5704"},{"taxonomy":"post_tag","embeddable":true,"href":"https:\/\/zvsweb02.kunst.tuwien.ac.at\/index.php?rest_route=%2Fwp%2Fv2%2Ftags&post=5704"}],"curies":[{"name":"wp","href":"https:\/\/api.w.org\/{rel}","templated":true}]}}