
{"id":5711,"date":"2026-04-27T16:55:48","date_gmt":"2026-04-27T14:55:48","guid":{"rendered":"https:\/\/zvsweb02.kunst.tuwien.ac.at\/?p=5711"},"modified":"2026-04-27T16:55:48","modified_gmt":"2026-04-27T14:55:48","slug":"festival-moebel","status":"publish","type":"post","link":"https:\/\/zvsweb02.kunst.tuwien.ac.at\/?p=5711","title":{"rendered":"Festival-M\u00f6bel"},"content":{"rendered":"\n<p>Zeit: 05. Mai 2026 \u2013 14:00-16:00 Uhr<br>Ort: Vorplatz des Camillo Sitte Bautechnikums, Leberstra\u00dfe 4c, 1030 Wien<\/p>\n\n\n\n<p>Im Projekt Festival-M\u00f6bel: Erd-M\u00f6bel, Wasser-M\u00f6bel, Feuer-M\u00f6bel, Luft-M\u00f6bel wird co-kreativ mit Studierenden der TU Wien und Sch\u00fcler:innen der \u00f6ffentliche Raum (mit)gestaltet. Das Ziel ist die Entwicklung und Umsetzung von mobilen visuell markanten Festival-M\u00f6beln: erdig, luftig, w\u00e4ssrig, feurig. Diese werden kombiniert zu einer koh\u00e4renten k\u00fcnstlerischen Ausstellungsarchitektur \u2013 angreifbar begreifbar bzw. zu kleinen \u00d6kosystemen oder Kreisl\u00e4ufen im Kleinen.<\/p>\n\n\n\n<p>Im Mittelpunkt des Prozesses steht die Verbindung k\u00fcnstlerischer, sozialer, nachhaltiger, biologischer, physikalischer und handwerklicher Fragestellungen.<br>Es entsteht ein k\u00fcnstlerisch-forschendes Projekt, das \u201eKlimam\u00f6bel\u201c als relationale Lernumwelt im \u00f6ffentlichen Raum entwickelt. Ausgangspunkt ist die Frage, wie Klima nicht nur als abstrakte Gr\u00f6\u00dfe, sondern als Welt zwischen uns erfahrbar werden kann \u2013 als geteilte, sinnlich-affektive Beziehung zwischen Menschen und mehr-als-menschlichen Akteuren. Die gestaltete Infrastruktur hat das Ziel langfristig nutzbar zu sein.<\/p>\n\n\n\n<p>Die Festival-M\u00f6bel haben ihren ersten Einsatz im Bereich des Camillo Sitte Bautechnikums am 5.5.2026, Festakt 14 &#8211; 16 Uhr und werden durch das 4Elements-Festival | KAORLE AM KARLSPLATZ Margot Pilz et.al. inhaltlich angereichert. Anschlie\u00dfend verbleiben sie f\u00fcr einige Wochen in der Schule und k\u00f6nnen in R\u00fccksprache mit dem Bautechnikum besichtig werden.<\/p>\n\n\n\n<p>Organisiert wird das Projekt Festival-M\u00f6bel durch das HOPE Raumlabor der TU Wien: Das mobile HOPE Raumlabor der TU Wien forscht gemeinsam mit jungen Menschen zu den Zusammenh\u00e4ngen von Klimawandel und gebauter Umwelt. In k\u00fcnstlerischen Prozessen werden Visionen und Gestaltungen einer planetaren Zukunft f\u00fcr alle Lebewesen entwickelt und umgesetzt. Das Projekt ist Teil des vierj\u00e4hrigen Innovationsvorhabens HOPE Raumlabor #Bildungslandschaften im Klimawandel, das am Institut f\u00fcr Kunst und Gestaltung 1 \/ TU Wien angesiedelt ist. Es wird vom FFG im Rahmen der Co-Creation-Spaces Klima &amp; Energie 2022 des Klima- &amp; Energiefonds gef\u00f6rdert.<\/p>\n\n\n\n<p>Im Rahmen der Klimabiennale Wien 2026  <\/p>\n\n\n\n<p><a href=\"https:\/\/hope.project.tuwien.ac.at\/festival-moebel\/\">https:\/\/hope.project.tuwien.ac.at\/festival-moebel\/<\/a><\/p>\n","protected":false},"excerpt":{"rendered":"<p>Co-Kreativ Gestaltung im \u00f6ffentlichen Raum<\/p>\n","protected":false},"author":3,"featured_media":5712,"comment_status":"open","ping_status":"open","sticky":true,"template":"","format":"standard","meta":[],"categories":[6],"tags":[],"acf":[],"_links":{"self":[{"href":"https:\/\/zvsweb02.kunst.tuwien.ac.at\/index.php?rest_route=\/wp\/v2\/posts\/5711"}],"collection":[{"href":"https:\/\/zvsweb02.kunst.tuwien.ac.at\/index.php?rest_route=\/wp\/v2\/posts"}],"about":[{"href":"https:\/\/zvsweb02.kunst.tuwien.ac.at\/index.php?rest_route=\/wp\/v2\/types\/post"}],"author":[{"embeddable":true,"href":"https:\/\/zvsweb02.kunst.tuwien.ac.at\/index.php?rest_route=\/wp\/v2\/users\/3"}],"replies":[{"embeddable":true,"href":"https:\/\/zvsweb02.kunst.tuwien.ac.at\/index.php?rest_route=%2Fwp%2Fv2%2Fcomments&post=5711"}],"version-history":[{"count":1,"href":"https:\/\/zvsweb02.kunst.tuwien.ac.at\/index.php?rest_route=\/wp\/v2\/posts\/5711\/revisions"}],"predecessor-version":[{"id":5713,"href":"https:\/\/zvsweb02.kunst.tuwien.ac.at\/index.php?rest_route=\/wp\/v2\/posts\/5711\/revisions\/5713"}],"wp:featuredmedia":[{"embeddable":true,"href":"https:\/\/zvsweb02.kunst.tuwien.ac.at\/index.php?rest_route=\/wp\/v2\/media\/5712"}],"wp:attachment":[{"href":"https:\/\/zvsweb02.kunst.tuwien.ac.at\/index.php?rest_route=%2Fwp%2Fv2%2Fmedia&parent=5711"}],"wp:term":[{"taxonomy":"category","embeddable":true,"href":"https:\/\/zvsweb02.kunst.tuwien.ac.at\/index.php?rest_route=%2Fwp%2Fv2%2Fcategories&post=5711"},{"taxonomy":"post_tag","embeddable":true,"href":"https:\/\/zvsweb02.kunst.tuwien.ac.at\/index.php?rest_route=%2Fwp%2Fv2%2Ftags&post=5711"}],"curies":[{"name":"wp","href":"https:\/\/api.w.org\/{rel}","templated":true}]}}